{"id":1470,"date":"2024-02-19T11:45:07","date_gmt":"2024-02-19T11:45:07","guid":{"rendered":"https:\/\/famelifemagazin.com\/?p=1470"},"modified":"2024-02-19T12:06:08","modified_gmt":"2024-02-19T12:06:08","slug":"orka-holding-bes-kitadan-is-ortaklarini-yeni-sezonu-ile-buyuledi","status":"publish","type":"post","link":"https:\/\/famelifemagazin.com\/?p=1470","title":{"rendered":"Orka Holding, Be\u015f K\u0131tadan \u0130\u015f Ortaklar\u0131n\u0131 Yeni Sezonu \u0130le B\u00fcy\u00fcledi&#8230;"},"content":{"rendered":"\n<p><strong>Damat Tween ve D\u2019S damat, 2024-25 k\u0131\u015f\u0131n\u0131 beyaz ve ekru ile kar\u015f\u0131layacak&#8230;<\/strong><\/p>\n\n\n\n<p><strong>Orka Holding, geleneksel Yurt D\u0131\u015f\u0131 Bayi Toplant\u0131s\u0131nda 52 \u00fclkeden gelen i\u015f ortaklar\u0131n\u0131 \u0130stanbul\u2019da a\u011f\u0131rl\u0131yor. Orka Holding\u2019in 22 \u015eubat tarihine kadar devam edecek 44. Yurt D\u0131\u015f\u0131 Bayi Toplant\u0131s\u0131na, K\u0131ta Avrupas\u0131 ba\u015fta olmak \u00fczere be\u015f k\u0131tadan \u00f6nde gelen bayi temsilcileri kat\u0131l\u0131yor.<\/strong><\/p>\n\n\n\n<p>Be\u015f k\u0131tada 400\u2019\u00fcn \u00fczerinde ma\u011fazaya sahip olan Orka Holding\u2019in Y\u00f6netim Kurulu Ba\u015fkan\u0131 S\u00fcleyman Orak\u00e7\u0131o\u011flu \u201cGe\u00e7en y\u0131l ciroda dolar baz\u0131nda y\u00fczde 35 b\u00fcy\u00fcmeyi ve 50 milyon dolar ihracat hedefini ge\u00e7meyi ba\u015fard\u0131k.<\/p>\n\n\n\n<p>Bu y\u0131l da global b\u00fcy\u00fcmemizi k\u0131ta Avrupas\u0131 ba\u015fta olmak \u00fczere \u0130ngiltere, Afrika, Amerika, T\u00fcrk Cumhuriyetleri ve Uzak Do\u011fu odakl\u0131 hayata ge\u00e7irece\u011fiz. Yabanc\u0131 i\u015f ortaklar\u0131m\u0131z da Damat Tween ve D\u2019S damat markalar\u0131m\u0131z\u0131n s\u00fcrd\u00fcr\u00fclebilirli\u011fi oda\u011f\u0131na alan ve sessiz l\u00fcks\u00fcn en zarif \u00f6rneklerini yans\u0131tan 2024\/25 Sonbahar-K\u0131\u015f koleksiyonumuza b\u00fcy\u00fck ilgi g\u00f6sterdi ve sipari\u015flerini hedefimizin iki kat\u0131na \u00e7\u0131kard\u0131\u201d diye konu\u015ftu.<\/p>\n\n\n\n<p>80\u2019lerin usta terzili\u011fi nat\u00fcrel malzemelerle birle\u015fti<\/p>\n\n\n\n<p>Erkek giyimde d\u00fcnyan\u0131n \u00f6nde gelen sat\u0131n al\u0131m heyetlerinin be\u011fenisini kazanan koleksiyon, 1980&#8217;lerin terzilik d\u00fcnyas\u0131n\u0131n ve nat\u00fcrel malzemelerin ustal\u0131kla b\u00fct\u00fcnle\u015fmesine sahne oluyor. Yeni sezon tasar\u0131mlar\u0131, Damat Tween ve D\u2019S damat markalar\u0131n\u0131n gelece\u011fi \u015fekillendirmek i\u00e7in ge\u00e7mi\u015fi ve bug\u00fcn\u00fc birle\u015ftirme konusundaki kararl\u0131l\u0131\u011f\u0131n\u0131 simgeliyor. Ka\u015fmir, alpaca, y\u00fcn, s\u00fcet ve derilerin yeniden y\u00fckseli\u015fine \u00f6nc\u00fcl\u00fck eden 2024\/25 Sonbahar-K\u0131\u015f koleksiyonunda ham maddeden renklere do\u011fru ilerleme g\u00f6ze \u00e7arp\u0131yor.<\/p>\n\n\n\n<p>K\u0131\u015f sezonunu beyaz ve ekru ile kar\u015f\u0131layacak<\/p>\n\n\n\n<p>M\u00fckemmelli\u011fi yine \u00f6n planda tutan koleksiyon, \u00e7ok ama\u00e7l\u0131l\u0131k duygusundan ald\u0131\u011f\u0131 ilham e\u015fli\u011finde dolgulu kazaklar, g\u00f6mlek ceketler ve yeleklerle fark yarat\u0131yor. Damat Tween ve D\u2019S damat koleksiyonu, erkek stilini geni\u015f yakal\u0131 blazerler, anoraklar, geni\u015f pantolonlar ve kal\u0131n \u00f6rg\u00fc \u00fcstlerin e\u015fsiz uyumu ile daha da g\u00fc\u00e7leniyor.<\/p>\n\n\n\n<p>Beyaz\u0131n buzdan yulafa ve tereya\u011f\u0131na kadar uzanan tonlar\u0131 ile 2024-25 Sonbahar ve K\u0131\u015f\u0131 sezonunu kar\u015f\u0131layan Damat Tween ve D\u2019S damat koleksiyonu, kil gibi nat\u00fcrel renklerin e\u015fsiz uyumu ile de yepyeni ve etkileyici bir renk dalgas\u0131 yarat\u0131yor.<\/p>\n\n\n\n<p><a href=\"https:\/\/www.facebook.com\/photo\/?fbid=6029028647450695&amp;set=pcb.6029028744117352&amp;__cft__[0]=AZWhO6MZZM_cB1L4dOOeJ9IQ7hB7w4n_sDBkIOTHpeuaa26oIN_IeKfT-lHMzNx-ijLpC8dy5hVnxYyT9t3eGhP91GoES1f5Fgjn3Jg0S6PCQlp8PZFVAOpLDaGFEe4Z0wP87TUnpeha4RAFULISexAdoWYDrNFkeOSfO59fAMlRwA&amp;__tn__=*bH-R\"><\/a><\/p>\n\n\n<div class=\"wp-block-image\">\n<figure class=\"aligncenter\"><a href=\"https:\/\/www.facebook.com\/photo\/?fbid=6029028647450695&amp;set=pcb.6029028744117352&amp;__cft__[0]=AZWhO6MZZM_cB1L4dOOeJ9IQ7hB7w4n_sDBkIOTHpeuaa26oIN_IeKfT-lHMzNx-ijLpC8dy5hVnxYyT9t3eGhP91GoES1f5Fgjn3Jg0S6PCQlp8PZFVAOpLDaGFEe4Z0wP87TUnpeha4RAFULISexAdoWYDrNFkeOSfO59fAMlRwA&amp;__tn__=*bH-R\"><img decoding=\"async\" src=\"https:\/\/scontent.fada2-3.fna.fbcdn.net\/v\/t39.30808-6\/424932932_6029028630784030_6424897795816432142_n.jpg?stp=dst-jpg_p526x395&amp;_nc_cat=101&amp;ccb=1-7&amp;_nc_sid=3635dc&amp;_nc_ohc=I-p97WDjM-IAX8ifrPM&amp;_nc_oc=AQnBFr7cJS4vJJt9iWo4GkbtTZ8VRG5WFenZkGhCTx7zZ86F9OFwe4AA4eYr5MzlrkI&amp;_nc_ht=scontent.fada2-3.fna&amp;oh=00_AfBiNnWuVxFuX1sWl-DX9S7rTro9gmVoW1CRJhLHNEQlFw&amp;oe=65D7D6ED\" alt=\"\"\/><\/a><\/figure>\n<\/div>\n\n\n<p><a href=\"https:\/\/www.facebook.com\/photo\/?fbid=6029028637450696&amp;set=pcb.6029028744117352&amp;__cft__[0]=AZWhO6MZZM_cB1L4dOOeJ9IQ7hB7w4n_sDBkIOTHpeuaa26oIN_IeKfT-lHMzNx-ijLpC8dy5hVnxYyT9t3eGhP91GoES1f5Fgjn3Jg0S6PCQlp8PZFVAOpLDaGFEe4Z0wP87TUnpeha4RAFULISexAdoWYDrNFkeOSfO59fAMlRwA&amp;__tn__=*bH-R\"><\/a><\/p>\n\n\n<div class=\"wp-block-image\">\n<figure class=\"aligncenter\"><a href=\"https:\/\/www.facebook.com\/photo\/?fbid=6029028637450696&amp;set=pcb.6029028744117352&amp;__cft__[0]=AZWhO6MZZM_cB1L4dOOeJ9IQ7hB7w4n_sDBkIOTHpeuaa26oIN_IeKfT-lHMzNx-ijLpC8dy5hVnxYyT9t3eGhP91GoES1f5Fgjn3Jg0S6PCQlp8PZFVAOpLDaGFEe4Z0wP87TUnpeha4RAFULISexAdoWYDrNFkeOSfO59fAMlRwA&amp;__tn__=*bH-R\"><img decoding=\"async\" src=\"https:\/\/scontent.fada2-1.fna.fbcdn.net\/v\/t39.30808-6\/424638645_6029028624117364_6525914011245412286_n.jpg?stp=dst-jpg_p526x395&amp;_nc_cat=106&amp;ccb=1-7&amp;_nc_sid=3635dc&amp;_nc_ohc=naJWnomHaVEAX-n5oSJ&amp;_nc_ht=scontent.fada2-1.fna&amp;oh=00_AfAmsraL6Bh_SyhZFM7T0EXYBUWNiuv9n1WLl41tzLbuTA&amp;oe=65D79DB6\" alt=\"\"\/><\/a><\/figure>\n<\/div>\n\n\n<p><a href=\"https:\/\/www.facebook.com\/photo\/?fbid=6029028634117363&amp;set=pcb.6029028744117352&amp;__cft__[0]=AZWhO6MZZM_cB1L4dOOeJ9IQ7hB7w4n_sDBkIOTHpeuaa26oIN_IeKfT-lHMzNx-ijLpC8dy5hVnxYyT9t3eGhP91GoES1f5Fgjn3Jg0S6PCQlp8PZFVAOpLDaGFEe4Z0wP87TUnpeha4RAFULISexAdoWYDrNFkeOSfO59fAMlRwA&amp;__tn__=*bH-R\"><\/a><\/p>\n\n\n<div class=\"wp-block-image\">\n<figure class=\"aligncenter\"><a href=\"https:\/\/www.facebook.com\/photo\/?fbid=6029028634117363&amp;set=pcb.6029028744117352&amp;__cft__[0]=AZWhO6MZZM_cB1L4dOOeJ9IQ7hB7w4n_sDBkIOTHpeuaa26oIN_IeKfT-lHMzNx-ijLpC8dy5hVnxYyT9t3eGhP91GoES1f5Fgjn3Jg0S6PCQlp8PZFVAOpLDaGFEe4Z0wP87TUnpeha4RAFULISexAdoWYDrNFkeOSfO59fAMlRwA&amp;__tn__=*bH-R\"><img decoding=\"async\" src=\"https:\/\/scontent.fada2-4.fna.fbcdn.net\/v\/t39.30808-6\/424619066_6029028627450697_3545419156436839967_n.jpg?stp=dst-jpg_p526x395&amp;_nc_cat=107&amp;ccb=1-7&amp;_nc_sid=3635dc&amp;_nc_ohc=-jKw8hbh4OYAX-g7YT-&amp;_nc_ht=scontent.fada2-4.fna&amp;oh=00_AfCgkw8-uBiXV8sU5d4lCcn8e8tQeU3nrpF0GZ0lUm1E_Q&amp;oe=65D8B7B1\" alt=\"\"\/><\/a><\/figure>\n<\/div>","protected":false},"excerpt":{"rendered":"<p>Damat Tween ve D\u2019S damat, 2024-25 k\u0131\u015f\u0131n\u0131 beyaz ve ekru ile kar\u015f\u0131layacak&#8230; Orka Holding, geleneksel Yurt D\u0131\u015f\u0131 Bayi Toplant\u0131s\u0131nda 52 \u00fclkeden gelen i\u015f ortaklar\u0131n\u0131 \u0130stanbul\u2019da a\u011f\u0131rl\u0131yor. Orka Holding\u2019in 22 \u015eubat tarihine kadar devam edecek 44. Yurt D\u0131\u015f\u0131 Bayi Toplant\u0131s\u0131na, K\u0131ta Avrupas\u0131 ba\u015fta olmak \u00fczere be\u015f k\u0131tadan \u00f6nde gelen bayi temsilcileri kat\u0131l\u0131yor. Be\u015f k\u0131tada 400\u2019\u00fcn \u00fczerinde [&hellip;]<\/p>\n","protected":false},"author":1,"featured_media":1471,"comment_status":"open","ping_status":"open","sticky":false,"template":"","format":"standard","meta":{"footnotes":""},"categories":[9,3],"tags":[],"class_list":["post-1470","post","type-post","status-publish","format-standard","has-post-thumbnail","hentry","category-moda-tekstil","category-son-haberler"],"_links":{"self":[{"href":"https:\/\/famelifemagazin.com\/index.php?rest_route=\/wp\/v2\/posts\/1470","targetHints":{"allow":["GET"]}}],"collection":[{"href":"https:\/\/famelifemagazin.com\/index.php?rest_route=\/wp\/v2\/posts"}],"about":[{"href":"https:\/\/famelifemagazin.com\/index.php?rest_route=\/wp\/v2\/types\/post"}],"author":[{"embeddable":true,"href":"https:\/\/famelifemagazin.com\/index.php?rest_route=\/wp\/v2\/users\/1"}],"replies":[{"embeddable":true,"href":"https:\/\/famelifemagazin.com\/index.php?rest_route=%2Fwp%2Fv2%2Fcomments&post=1470"}],"version-history":[{"count":3,"href":"https:\/\/famelifemagazin.com\/index.php?rest_route=\/wp\/v2\/posts\/1470\/revisions"}],"predecessor-version":[{"id":1475,"href":"https:\/\/famelifemagazin.com\/index.php?rest_route=\/wp\/v2\/posts\/1470\/revisions\/1475"}],"wp:featuredmedia":[{"embeddable":true,"href":"https:\/\/famelifemagazin.com\/index.php?rest_route=\/wp\/v2\/media\/1471"}],"wp:attachment":[{"href":"https:\/\/famelifemagazin.com\/index.php?rest_route=%2Fwp%2Fv2%2Fmedia&parent=1470"}],"wp:term":[{"taxonomy":"category","embeddable":true,"href":"https:\/\/famelifemagazin.com\/index.php?rest_route=%2Fwp%2Fv2%2Fcategories&post=1470"},{"taxonomy":"post_tag","embeddable":true,"href":"https:\/\/famelifemagazin.com\/index.php?rest_route=%2Fwp%2Fv2%2Ftags&post=1470"}],"curies":[{"name":"wp","href":"https:\/\/api.w.org\/{rel}","templated":true}]}}