{"id":1441,"date":"2024-02-18T07:38:43","date_gmt":"2024-02-18T07:38:43","guid":{"rendered":"https:\/\/famelifemagazin.com\/?p=1441"},"modified":"2024-02-19T06:59:22","modified_gmt":"2024-02-19T06:59:22","slug":"filtresiz-hali-gundem-oldu","status":"publish","type":"post","link":"https:\/\/famelifemagazin.com\/?p=1441","title":{"rendered":"F\u0130LTRES\u0130Z HAL\u0130 G\u00dcNDEM OLDU&#8230;"},"content":{"rendered":"\n<p>Estetikleriyle bamba\u015fka biri oldu! Song\u00fcl Karl\u0131&#8217;n\u0131n filtresiz hali sosyal medyay\u0131 sallad\u0131! G\u00f6renler tan\u0131yamad\u0131..<\/p>\n\n\n\n<p>Yapt\u0131rd\u0131\u011f\u0131 estetiklerle s\u0131k s\u0131k g\u00fcndem olan\u00a0Song\u00fcl Karl\u0131\u00a0sosyal medyadaki payla\u015f\u0131mlar\u0131yla dikkat \u00e7ekiyor. \u0130ddial\u0131 ve cesur tarz\u0131yla ad\u0131ndan s\u00f6z ettiren Karl\u0131, bu defa filtresiz haliyle sosyal medyay\u0131 sallad\u0131. \u00dcnl\u00fc ismin filtresiz halini g\u00f6renler tan\u0131yamad\u0131&#8230;<a href=\"https:\/\/www.mynet.com\/\"><\/a><\/p>\n\n\n<div class=\"wp-block-image\">\n<figure class=\"aligncenter is-resized\"><img decoding=\"async\" src=\"https:\/\/imgrosetta.mynet.com.tr\/file\/18441918\/18441918-728xauto.png\" alt=\"\" style=\"width:541px;height:auto\"\/><\/figure>\n<\/div>\n\n\n<p>Ge\u00e7irdi\u011fi estetik operasyonlarla adeta bamba\u015fka biri olan Song\u00fcl Karl\u0131&nbsp;<a href=\"https:\/\/www.mynet.com\/haberler\/sosyal-medya\">sosyal medya<\/a>&nbsp;\u00fczerindeki iddial\u0131 payla\u015f\u0131mlar\u0131yla dikkat \u00e7ekiyor. Fit hali ile \u00f6vg\u00fcleri toplayan Karl\u0131 bu defa filtresiz haliyle g\u00fcndem oldu.<\/p>\n\n\n<div class=\"wp-block-image\">\n<figure class=\"aligncenter is-resized\"><img decoding=\"async\" src=\"https:\/\/imgrosetta.mynet.com.tr\/file\/18441943\/728xauto.png\" alt=\"\" style=\"width:532px;height:auto\"\/><\/figure>\n<\/div>\n\n\n<p>Son olarak bir yar\u0131\u015fma program\u0131 sunan Song\u00fcl Karl\u0131&#8217;n\u0131n bu projesi k\u0131sa s\u00fcrd\u00fc ve program apar topar yay\u0131ndan kald\u0131r\u0131ld\u0131.<\/p>\n\n\n<div class=\"wp-block-image\">\n<figure class=\"aligncenter is-resized\"><img decoding=\"async\" src=\"https:\/\/imgrosetta.mynet.com.tr\/file\/18441947\/728xauto.png\" alt=\"\" style=\"width:530px;height:auto\"\/><\/figure>\n<\/div>\n\n\n<p>\u015eimdilerde sahne almaya devam eden Karl\u0131 bir konseri i\u00e7in Danimarka&#8217;ya gitti. Konserine haz\u0131rl\u0131k yaparken payla\u015f\u0131mlar yapan \u00fcnl\u00fc ismin filtresiz halini g\u00f6renler \u00e7ok \u015fa\u015f\u0131rd\u0131.<\/p>\n\n\n<div class=\"wp-block-image\">\n<figure class=\"aligncenter is-resized\"><img decoding=\"async\" src=\"https:\/\/imgrosetta.mynet.com.tr\/file\/18441948\/728xauto.jpg\" alt=\"\" style=\"width:503px;height:auto\"\/><\/figure>\n<\/div>\n\n\n<p>Song\u00fcl Karl\u0131&#8217;n\u0131n filtresiz halini g\u00f6renler; &#8216;Ben tan\u0131yamad\u0131m&#8217;, &#8216;Ba\u015fkas\u0131 sand\u0131m&#8217;, &#8216;Bu kim?&#8217;, &#8216;Eski halinden eser yok&#8217; gibi yorumlar yapt\u0131lar.<\/p>\n\n\n\n<h2 class=\"wp-block-heading\">&#8216;KEND\u0130 G\u00d6\u011e\u00dcSLER\u0130M \u0130Y\u0130YD\u0130&#8217;<\/h2>\n\n\n<div class=\"wp-block-image\">\n<figure class=\"aligncenter is-resized\"><img decoding=\"async\" src=\"https:\/\/imgrosetta.mynet.com.tr\/file\/18441954\/728xauto.png\" alt=\"'KEND\u0130 G\u00d6\u011e\u00dcSLER\u0130M \u0130Y\u0130YD\u0130'\" style=\"width:513px;height:auto\"\/><\/figure>\n<\/div>\n\n\n<p>Song\u00fcl Karl\u0131 daha \u00f6nce g\u00f6\u011f\u00fcs itiraf\u0131yla dikkat \u00e7ekmi\u015fti. Karl\u0131 &#8220;Elbiselere giremiyordum. Ben \u00e7ok k\u00fc\u00e7\u00fck g\u00f6\u011f\u00fcs seven biri de de\u011filim ama mecburum ekranda g\u00fczel durmak i\u00e7in yapt\u0131rd\u0131m. Ama \u015fimdi pi\u015fman\u0131m. \u00c7\u00fcnk\u00fc kendi g\u00f6\u011f\u00fcslerim do\u011fal ve iyiydi&#8221; demi\u015fti.<\/p>\n\n\n<div class=\"wp-block-image\">\n<figure class=\"aligncenter is-resized\"><img decoding=\"async\" src=\"https:\/\/imgrosetta.mynet.com.tr\/file\/18441959\/728xauto.png\" alt=\"\" style=\"width:518px;height:auto\"\/><\/figure>\n<\/div>\n\n\n<p>Song\u00fcl Karl\u0131, 15 Eyl\u00fcl 1973 tarihinde \u0130stanbul&#8217;da d\u00fcnyaya geldi. 1991 y\u0131l\u0131nda ilk alb\u00fcm\u00fc Derman Sendedir ile m\u00fczik piyasas\u0131na girdi.<\/p>\n\n\n<div class=\"wp-block-image\">\n<figure class=\"aligncenter is-resized\"><img decoding=\"async\" src=\"https:\/\/imgrosetta.mynet.com.tr\/file\/18441960\/1080xauto.png\" alt=\"\" style=\"width:525px;height:auto\"\/><\/figure>\n<\/div>\n\n\n<p>Karl\u0131, 90&#8217;larda ba\u015flad\u0131\u011f\u0131 televizyon kariyerinde k\u0131sa bir s\u00fcre de olsa dizilerde oyunculuk deneyimi ya\u015fad\u0131.<\/p>\n","protected":false},"excerpt":{"rendered":"<p>Estetikleriyle bamba\u015fka biri oldu! Song\u00fcl Karl\u0131&#8217;n\u0131n filtresiz hali sosyal medyay\u0131 sallad\u0131! G\u00f6renler tan\u0131yamad\u0131.. Yapt\u0131rd\u0131\u011f\u0131 estetiklerle s\u0131k s\u0131k g\u00fcndem olan\u00a0Song\u00fcl Karl\u0131\u00a0sosyal medyadaki payla\u015f\u0131mlar\u0131yla dikkat \u00e7ekiyor. \u0130ddial\u0131 ve cesur tarz\u0131yla ad\u0131ndan s\u00f6z ettiren Karl\u0131, bu defa filtresiz haliyle sosyal medyay\u0131 sallad\u0131. \u00dcnl\u00fc ismin filtresiz halini g\u00f6renler tan\u0131yamad\u0131&#8230; Ge\u00e7irdi\u011fi estetik operasyonlarla adeta bamba\u015fka biri olan Song\u00fcl Karl\u0131&nbsp;sosyal medya&nbsp;\u00fczerindeki [&hellip;]<\/p>\n","protected":false},"author":1,"featured_media":1442,"comment_status":"open","ping_status":"open","sticky":false,"template":"","format":"standard","meta":{"footnotes":""},"categories":[5,4,3],"tags":[],"class_list":["post-1441","post","type-post","status-publish","format-standard","has-post-thumbnail","hentry","category-guzellik-estetik","category-magazin","category-son-haberler"],"_links":{"self":[{"href":"https:\/\/famelifemagazin.com\/index.php?rest_route=\/wp\/v2\/posts\/1441","targetHints":{"allow":["GET"]}}],"collection":[{"href":"https:\/\/famelifemagazin.com\/index.php?rest_route=\/wp\/v2\/posts"}],"about":[{"href":"https:\/\/famelifemagazin.com\/index.php?rest_route=\/wp\/v2\/types\/post"}],"author":[{"embeddable":true,"href":"https:\/\/famelifemagazin.com\/index.php?rest_route=\/wp\/v2\/users\/1"}],"replies":[{"embeddable":true,"href":"https:\/\/famelifemagazin.com\/index.php?rest_route=%2Fwp%2Fv2%2Fcomments&post=1441"}],"version-history":[{"count":2,"href":"https:\/\/famelifemagazin.com\/index.php?rest_route=\/wp\/v2\/posts\/1441\/revisions"}],"predecessor-version":[{"id":1468,"href":"https:\/\/famelifemagazin.com\/index.php?rest_route=\/wp\/v2\/posts\/1441\/revisions\/1468"}],"wp:featuredmedia":[{"embeddable":true,"href":"https:\/\/famelifemagazin.com\/index.php?rest_route=\/wp\/v2\/media\/1442"}],"wp:attachment":[{"href":"https:\/\/famelifemagazin.com\/index.php?rest_route=%2Fwp%2Fv2%2Fmedia&parent=1441"}],"wp:term":[{"taxonomy":"category","embeddable":true,"href":"https:\/\/famelifemagazin.com\/index.php?rest_route=%2Fwp%2Fv2%2Fcategories&post=1441"},{"taxonomy":"post_tag","embeddable":true,"href":"https:\/\/famelifemagazin.com\/index.php?rest_route=%2Fwp%2Fv2%2Ftags&post=1441"}],"curies":[{"name":"wp","href":"https:\/\/api.w.org\/{rel}","templated":true}]}}