{"id":1404,"date":"2024-02-15T14:16:42","date_gmt":"2024-02-15T14:16:42","guid":{"rendered":"https:\/\/famelifemagazin.com\/?p=1404"},"modified":"2024-02-15T14:16:44","modified_gmt":"2024-02-15T14:16:44","slug":"bulent-serttas-artemis-hali-bayi-toplantisinda-sahne-aldi","status":"publish","type":"post","link":"https:\/\/famelifemagazin.com\/?p=1404","title":{"rendered":"B\u00fclent Sertta\u015f Artemis Hal\u0131 Bayi Toplant\u0131s\u0131nda Sahne Ald\u0131&#8230;"},"content":{"rendered":"\n<p><strong>B\u00fclent Sertta\u015f 4.5 Saat Sahnede Kald\u0131&#8230; Artemis\u2019ten yola \u00e7\u0131karak yenilik\u00e7i ve zamans\u0131z \u00fcr\u00fcnlerini tasarlayan Artemis Hal\u0131, T\u00fcrkiye\u2019nin d\u00f6rt bir yan\u0131ndan gelen y\u00fczlerce bayisi ile Granada Luxury Belek Hotel\u2019de bir araya geldi.<\/strong><\/p>\n\n\n\n<p>Artemis Hal\u0131&#8217;n\u0131n farkl\u0131 renk ve tarzlarda tasarlanan yeni koleksiyon lansman\u0131n yer alaca\u011f\u0131 bayi toplant\u0131s\u0131nda, T\u00fcrkiye&#8217;nin sevilen \u015fark\u0131c\u0131s\u0131 B\u00fclent Sertta\u015f, sahne ald\u0131.<br><br>Yakla\u015f\u0131k 4.5 saat sahnede kalarak kendi rekoruna yakla\u015ft\u0131\u011f\u0131n\u0131 s\u00f6yleyen Sertta\u015f, geceye \u00f6zel haz\u0131rlad\u0131\u011f\u0131 par\u00e7alarla Artemis Hal\u0131 kat\u0131l\u0131mc\u0131lar\u0131na keyifli bir ak\u015fam ya\u015fatt\u0131.<br><br>Serildi\u011fi her yere yak\u0131\u015faca\u011f\u0131n\u0131 ve her eve g\u00fczellik kataca\u011f\u0131n\u0131 \u201cG\u00fczel, Her Yerde G\u00fczel.\u201d slogan\u0131yla ifade eden Artemis Hal\u0131, bayileri ile bir araya geldi. Antalya Granada Luxury Belek Hotel\u2019de ger\u00e7ekle\u015fecek bayi toplant\u0131s\u0131nda markan\u0131n farkl\u0131 renk ve tarzlarda tasarlanan yeni \u00fcr\u00fcnlerinin lansman\u0131 ger\u00e7ekle\u015fti.<br><br>Bayi toplant\u0131s\u0131nda sahne alan T\u00fcrkiye&#8217;nin sevilen \u015fark\u0131c\u0131s\u0131 B\u00fclent Sertta\u015f, kendine \u00f6zg\u00fc tarz\u0131 ve g\u00fc\u00e7l\u00fc sesiyle kat\u0131l\u0131mc\u0131lara adeta bir m\u00fczik ziyafeti ya\u015fatt\u0131. Kimi zaman e\u011flenceli kimi zaman da duygu dolu \u015fark\u0131lar s\u00f6yleyen Sertta\u015f, dinleyicilere unutulmaz anlar ya\u015fatt\u0131.<\/p>\n\n\n\n<figure class=\"wp-block-image size-large\"><img loading=\"lazy\" decoding=\"async\" width=\"1024\" height=\"576\" src=\"https:\/\/famelifemagazin.com\/wp-content\/uploads\/2024\/02\/Bulent-Sertttas_154446873-1024x576.jpg\" alt=\"\" class=\"wp-image-1405\" srcset=\"https:\/\/famelifemagazin.com\/wp-content\/uploads\/2024\/02\/Bulent-Sertttas_154446873-1024x576.jpg 1024w, https:\/\/famelifemagazin.com\/wp-content\/uploads\/2024\/02\/Bulent-Sertttas_154446873-300x169.jpg 300w, https:\/\/famelifemagazin.com\/wp-content\/uploads\/2024\/02\/Bulent-Sertttas_154446873-768x432.jpg 768w, https:\/\/famelifemagazin.com\/wp-content\/uploads\/2024\/02\/Bulent-Sertttas_154446873-1536x864.jpg 1536w, https:\/\/famelifemagazin.com\/wp-content\/uploads\/2024\/02\/Bulent-Sertttas_154446873.jpg 1920w\" sizes=\"auto, (max-width: 1024px) 100vw, 1024px\" \/><\/figure>\n","protected":false},"excerpt":{"rendered":"<p>B\u00fclent Sertta\u015f 4.5 Saat Sahnede Kald\u0131&#8230; Artemis\u2019ten yola \u00e7\u0131karak yenilik\u00e7i ve zamans\u0131z \u00fcr\u00fcnlerini tasarlayan Artemis Hal\u0131, T\u00fcrkiye\u2019nin d\u00f6rt bir yan\u0131ndan gelen y\u00fczlerce bayisi ile Granada Luxury Belek Hotel\u2019de bir araya geldi. Artemis Hal\u0131&#8217;n\u0131n farkl\u0131 renk ve tarzlarda tasarlanan yeni koleksiyon lansman\u0131n yer alaca\u011f\u0131 bayi toplant\u0131s\u0131nda, T\u00fcrkiye&#8217;nin sevilen \u015fark\u0131c\u0131s\u0131 B\u00fclent Sertta\u015f, sahne ald\u0131. Yakla\u015f\u0131k 4.5 saat [&hellip;]<\/p>\n","protected":false},"author":1,"featured_media":0,"comment_status":"open","ping_status":"open","sticky":false,"template":"","format":"standard","meta":{"footnotes":""},"categories":[18,3],"tags":[],"class_list":["post-1404","post","type-post","status-publish","format-standard","hentry","category-sirketler-is-hayati","category-son-haberler"],"_links":{"self":[{"href":"https:\/\/famelifemagazin.com\/index.php?rest_route=\/wp\/v2\/posts\/1404","targetHints":{"allow":["GET"]}}],"collection":[{"href":"https:\/\/famelifemagazin.com\/index.php?rest_route=\/wp\/v2\/posts"}],"about":[{"href":"https:\/\/famelifemagazin.com\/index.php?rest_route=\/wp\/v2\/types\/post"}],"author":[{"embeddable":true,"href":"https:\/\/famelifemagazin.com\/index.php?rest_route=\/wp\/v2\/users\/1"}],"replies":[{"embeddable":true,"href":"https:\/\/famelifemagazin.com\/index.php?rest_route=%2Fwp%2Fv2%2Fcomments&post=1404"}],"version-history":[{"count":1,"href":"https:\/\/famelifemagazin.com\/index.php?rest_route=\/wp\/v2\/posts\/1404\/revisions"}],"predecessor-version":[{"id":1407,"href":"https:\/\/famelifemagazin.com\/index.php?rest_route=\/wp\/v2\/posts\/1404\/revisions\/1407"}],"wp:attachment":[{"href":"https:\/\/famelifemagazin.com\/index.php?rest_route=%2Fwp%2Fv2%2Fmedia&parent=1404"}],"wp:term":[{"taxonomy":"category","embeddable":true,"href":"https:\/\/famelifemagazin.com\/index.php?rest_route=%2Fwp%2Fv2%2Fcategories&post=1404"},{"taxonomy":"post_tag","embeddable":true,"href":"https:\/\/famelifemagazin.com\/index.php?rest_route=%2Fwp%2Fv2%2Ftags&post=1404"}],"curies":[{"name":"wp","href":"https:\/\/api.w.org\/{rel}","templated":true}]}}