{"id":1254,"date":"2024-02-08T07:37:10","date_gmt":"2024-02-08T07:37:10","guid":{"rendered":"https:\/\/famelifemagazin.com\/?p=1254"},"modified":"2024-02-08T07:40:43","modified_gmt":"2024-02-08T07:40:43","slug":"sebnem-ozinal-hayatimiz-roman","status":"publish","type":"post","link":"https:\/\/famelifemagazin.com\/?p=1254","title":{"rendered":"\u015eEBNEM \u00d6Z\u0130NAL HAYATIMIZ ROMAN&#8230;"},"content":{"rendered":"\n<p><strong>G\u00fczel oyuncu \u015eebnem \u00d6zinal, 8 Mart tarihinde beyaz perdede g\u00f6sterime girecek olan rol ald\u0131\u011f\u0131 \u201cHayat\u0131m\u0131z Roman\u201d isimli filmin heyecan\u0131n\u0131 ya\u015f\u0131yor. \u00c7anakkale, L\u00e2pseki\u2019de roman mahallesinde \u00e7ekimleri tamamlanan \u201cHayat\u0131m\u0131z Roman\u201d filmi i\u00e7in en e\u011flenceli setimdi ifadesinde bulundu. Alt\u0131n Adam Medya yap\u0131mc\u0131l\u0131\u011f\u0131nda ve usta y\u00f6netmen Sava\u015f Sancak taraf\u0131ndan \u00e7ekilen \u201cHayat\u0131m\u0131z Roman\u201d filminin ba\u015far\u0131l\u0131 oyuncusu \u015eebnem \u00d6zinal \u201cFilmin oyuncu kadrosu \u00e7ok \u00e7ok iyi t\u00fcm karakterler rollere \u00e7ok uygun \u015fekilde se\u00e7ildi. <\/strong><\/p>\n\n\n\n<p>Y\u00f6netmenimiz senaryoyu seyirciye ge\u00e7irmek i\u00e7in elinden gelen \u00e7abay\u0131 sarf etti ve son derece s\u0131cak samimi ger\u00e7ekten romanlar\u0131 anlatan belki de ilk kez b\u00f6yle bir film \u00e7ekildi. Ben bu filmi \u00e7ok gerekli oldu\u011funu d\u00fc\u015f\u00fcn\u00fcyorum romanlar\u0131n da bu filme yak\u0131ndan ilgi g\u00f6stereceklerini d\u00fc\u015f\u00fcn\u00fcyorum oradaki ya\u015fam ger\u00e7ekten \u00e7ok de\u011fi\u015fik bunun g\u00f6sterilmesi ad\u0131na da filmin seyirciyi avucuna alaca\u011f\u0131n\u0131 d\u00fc\u015f\u00fcn\u00fcyorum\u201d dedi. <\/p>\n\n\n\n<p>Sava\u015f Sancak y\u00f6netmenli\u011finde \u201cHayat\u0131m\u0131z Roman\u201d isimli sinema filminde \u015eebnem \u00d6zinal yan\u0131nda An\u0131l Altan, Asl\u0131 Bekiro\u011flu, Cem Belevi, An\u0131l \u0130lter, G\u00f6zde C\u0131\u011fac\u0131, Dilara B\u00fcy\u00fckbayraktar, Arzu Yanarda\u011f, Sarp Bozkurt gibi \u00f6nemli oyuncular kadroyu olu\u015fturdu. Usta oyuncu \u015eebnem \u00d6zinal, ilk ba\u015fta oyuncular\u0131n \u00e7ok etkili olaca\u011f\u0131n\u0131 d\u00fc\u015f\u00fcn\u00fcyorum seyirci \u00fczerinde, herkes rol\u00fcn\u00fcn tam anlam\u0131yla hakk\u0131n\u0131 verdi \u015fu d\u00f6nemde yap\u0131lan sinema filmlerine bakt\u0131\u011f\u0131m\u0131zda \u00e7ok i\u00e7ten samimi ve ger\u00e7ek bir hik\u00e2ye, \u00e7ok titiz ve detayl\u0131 \u00e7al\u0131\u015f\u0131ld\u0131 kar\u015f\u0131l\u0131\u011f\u0131n\u0131 da seyircinin ilgisi ile alaca\u011f\u0131n\u0131 d\u00fc\u015f\u00fcn\u00fcyorum vurgusunu da yapt\u0131.<\/p>\n\n\n\n<figure class=\"wp-block-gallery has-nested-images columns-default is-cropped wp-block-gallery-1 is-layout-flex wp-block-gallery-is-layout-flex\">\n<figure class=\"wp-block-image size-large\"><img loading=\"lazy\" decoding=\"async\" width=\"768\" height=\"1024\" data-id=\"1256\" src=\"https:\/\/famelifemagazin.com\/wp-content\/uploads\/2024\/02\/SEBNEM-OZINAL-y4-768x1024.jpg\" alt=\"\" class=\"wp-image-1256\" srcset=\"https:\/\/famelifemagazin.com\/wp-content\/uploads\/2024\/02\/SEBNEM-OZINAL-y4-768x1024.jpg 768w, https:\/\/famelifemagazin.com\/wp-content\/uploads\/2024\/02\/SEBNEM-OZINAL-y4-225x300.jpg 225w, https:\/\/famelifemagazin.com\/wp-content\/uploads\/2024\/02\/SEBNEM-OZINAL-y4-1152x1536.jpg 1152w, https:\/\/famelifemagazin.com\/wp-content\/uploads\/2024\/02\/SEBNEM-OZINAL-y4-1536x2048.jpg 1536w, https:\/\/famelifemagazin.com\/wp-content\/uploads\/2024\/02\/SEBNEM-OZINAL-y4-scaled.jpg 1920w\" sizes=\"auto, (max-width: 768px) 100vw, 768px\" \/><\/figure>\n\n\n\n<figure class=\"wp-block-image size-large\"><img loading=\"lazy\" decoding=\"async\" width=\"683\" height=\"1024\" data-id=\"1255\" src=\"https:\/\/famelifemagazin.com\/wp-content\/uploads\/2024\/02\/SEBNEM-OZINAL-a2-683x1024.jpg\" alt=\"\" class=\"wp-image-1255\" srcset=\"https:\/\/famelifemagazin.com\/wp-content\/uploads\/2024\/02\/SEBNEM-OZINAL-a2-683x1024.jpg 683w, https:\/\/famelifemagazin.com\/wp-content\/uploads\/2024\/02\/SEBNEM-OZINAL-a2-200x300.jpg 200w, https:\/\/famelifemagazin.com\/wp-content\/uploads\/2024\/02\/SEBNEM-OZINAL-a2-768x1152.jpg 768w, https:\/\/famelifemagazin.com\/wp-content\/uploads\/2024\/02\/SEBNEM-OZINAL-a2-1024x1536.jpg 1024w, https:\/\/famelifemagazin.com\/wp-content\/uploads\/2024\/02\/SEBNEM-OZINAL-a2-1366x2048.jpg 1366w, https:\/\/famelifemagazin.com\/wp-content\/uploads\/2024\/02\/SEBNEM-OZINAL-a2-scaled.jpg 1707w\" sizes=\"auto, (max-width: 683px) 100vw, 683px\" \/><\/figure>\n<\/figure>\n\n\n\n<figure class=\"wp-block-image size-large\"><img loading=\"lazy\" decoding=\"async\" width=\"1024\" height=\"576\" src=\"https:\/\/famelifemagazin.com\/wp-content\/uploads\/2024\/02\/sebnem-ozinal-sahne-1-1024x576.jpg\" alt=\"\" class=\"wp-image-1257\" srcset=\"https:\/\/famelifemagazin.com\/wp-content\/uploads\/2024\/02\/sebnem-ozinal-sahne-1-1024x576.jpg 1024w, https:\/\/famelifemagazin.com\/wp-content\/uploads\/2024\/02\/sebnem-ozinal-sahne-1-300x169.jpg 300w, https:\/\/famelifemagazin.com\/wp-content\/uploads\/2024\/02\/sebnem-ozinal-sahne-1-768x432.jpg 768w, https:\/\/famelifemagazin.com\/wp-content\/uploads\/2024\/02\/sebnem-ozinal-sahne-1-1536x864.jpg 1536w, https:\/\/famelifemagazin.com\/wp-content\/uploads\/2024\/02\/sebnem-ozinal-sahne-1-2048x1152.jpg 2048w\" sizes=\"auto, (max-width: 1024px) 100vw, 1024px\" \/><\/figure>\n\n\n\n<figure class=\"wp-block-image size-large\"><img loading=\"lazy\" decoding=\"async\" width=\"717\" height=\"1024\" src=\"https:\/\/famelifemagazin.com\/wp-content\/uploads\/2024\/02\/HAYATIMIZ-ROMAN-AFIS-717x1024.jpg\" alt=\"\" class=\"wp-image-1258\" srcset=\"https:\/\/famelifemagazin.com\/wp-content\/uploads\/2024\/02\/HAYATIMIZ-ROMAN-AFIS-717x1024.jpg 717w, https:\/\/famelifemagazin.com\/wp-content\/uploads\/2024\/02\/HAYATIMIZ-ROMAN-AFIS-210x300.jpg 210w, https:\/\/famelifemagazin.com\/wp-content\/uploads\/2024\/02\/HAYATIMIZ-ROMAN-AFIS-768x1097.jpg 768w, https:\/\/famelifemagazin.com\/wp-content\/uploads\/2024\/02\/HAYATIMIZ-ROMAN-AFIS-1075x1536.jpg 1075w, https:\/\/famelifemagazin.com\/wp-content\/uploads\/2024\/02\/HAYATIMIZ-ROMAN-AFIS.jpg 1120w\" sizes=\"auto, (max-width: 717px) 100vw, 717px\" \/><\/figure>\n","protected":false},"excerpt":{"rendered":"<p>G\u00fczel oyuncu \u015eebnem \u00d6zinal, 8 Mart tarihinde beyaz perdede g\u00f6sterime girecek olan rol ald\u0131\u011f\u0131 \u201cHayat\u0131m\u0131z Roman\u201d isimli filmin heyecan\u0131n\u0131 ya\u015f\u0131yor. \u00c7anakkale, L\u00e2pseki\u2019de roman mahallesinde \u00e7ekimleri tamamlanan \u201cHayat\u0131m\u0131z Roman\u201d filmi i\u00e7in en e\u011flenceli setimdi ifadesinde bulundu. Alt\u0131n Adam Medya yap\u0131mc\u0131l\u0131\u011f\u0131nda ve usta y\u00f6netmen Sava\u015f Sancak taraf\u0131ndan \u00e7ekilen \u201cHayat\u0131m\u0131z Roman\u201d filminin ba\u015far\u0131l\u0131 oyuncusu \u015eebnem \u00d6zinal \u201cFilmin oyuncu [&hellip;]<\/p>\n","protected":false},"author":1,"featured_media":1256,"comment_status":"open","ping_status":"open","sticky":false,"template":"","format":"standard","meta":{"footnotes":""},"categories":[20,3],"tags":[],"class_list":["post-1254","post","type-post","status-publish","format-standard","has-post-thumbnail","hentry","category-sinema-film-tv-dizi","category-son-haberler"],"_links":{"self":[{"href":"https:\/\/famelifemagazin.com\/index.php?rest_route=\/wp\/v2\/posts\/1254","targetHints":{"allow":["GET"]}}],"collection":[{"href":"https:\/\/famelifemagazin.com\/index.php?rest_route=\/wp\/v2\/posts"}],"about":[{"href":"https:\/\/famelifemagazin.com\/index.php?rest_route=\/wp\/v2\/types\/post"}],"author":[{"embeddable":true,"href":"https:\/\/famelifemagazin.com\/index.php?rest_route=\/wp\/v2\/users\/1"}],"replies":[{"embeddable":true,"href":"https:\/\/famelifemagazin.com\/index.php?rest_route=%2Fwp%2Fv2%2Fcomments&post=1254"}],"version-history":[{"count":1,"href":"https:\/\/famelifemagazin.com\/index.php?rest_route=\/wp\/v2\/posts\/1254\/revisions"}],"predecessor-version":[{"id":1259,"href":"https:\/\/famelifemagazin.com\/index.php?rest_route=\/wp\/v2\/posts\/1254\/revisions\/1259"}],"wp:featuredmedia":[{"embeddable":true,"href":"https:\/\/famelifemagazin.com\/index.php?rest_route=\/wp\/v2\/media\/1256"}],"wp:attachment":[{"href":"https:\/\/famelifemagazin.com\/index.php?rest_route=%2Fwp%2Fv2%2Fmedia&parent=1254"}],"wp:term":[{"taxonomy":"category","embeddable":true,"href":"https:\/\/famelifemagazin.com\/index.php?rest_route=%2Fwp%2Fv2%2Fcategories&post=1254"},{"taxonomy":"post_tag","embeddable":true,"href":"https:\/\/famelifemagazin.com\/index.php?rest_route=%2Fwp%2Fv2%2Ftags&post=1254"}],"curies":[{"name":"wp","href":"https:\/\/api.w.org\/{rel}","templated":true}]}}