{"id":1130,"date":"2024-02-02T13:36:09","date_gmt":"2024-02-02T13:36:09","guid":{"rendered":"https:\/\/famelifemagazin.com\/?p=1130"},"modified":"2024-02-02T13:36:09","modified_gmt":"2024-02-02T13:36:09","slug":"ece-uner-istifa-ettigini-duyurdu-yakinda-gorusmek-uzere","status":"publish","type":"post","link":"https:\/\/famelifemagazin.com\/?p=1130","title":{"rendered":"Ece \u00dcner \u0130stifa Etti\u011fini Duyurdu: Yak\u0131nda G\u00f6r\u00fc\u015fmek \u00dczere\u2026"},"content":{"rendered":"\n<p><a href=\"https:\/\/www.mynet.com\/profil\/ceylan-yildiz-52507\" target=\"_blank\" rel=\"noreferrer noopener\">Ceylan Y\u0131ld\u0131z <em>Mynet Magazin Edit\u00f6r\u00fc<\/em><\/a><\/p>\n\n\n\n<p>\u00dcnl\u00fc sunucu\u00a0Ece \u00dcner, TV100 Ana Haber&#8217;den ayr\u0131ld\u0131\u011f\u0131n\u0131\u00a0sosyal medya\u00a0hesab\u0131ndan yapt\u0131\u011f\u0131 payla\u015f\u0131mla duyurdu. Payla\u015f\u0131m\u0131na &#8220;Yak\u0131nda g\u00f6r\u00fc\u015f\u00fcr\u00fcz&#8221; notunu d\u00fc\u015ft\u00fc.<a href=\"https:\/\/www.facebook.com\/sharer\/sharer.php?u=https%3A%2F%2Fwww.mynet.com%2Ftv100-ve-ece-uner-in-yollari-ayrildi-uner-istifa-ettigini-duyurdu-494335-mymagazin\"><\/a><\/p>\n\n\n\n<p><a href=\"https:\/\/www.linkedin.com\/cws\/share?url=https%3A%2F%2Fwww.mynet.com%2Ftv100-ve-ece-uner-in-yollari-ayrildi-uner-istifa-ettigini-duyurdu-494335-mymagazin\"><\/a><\/p>\n\n\n<div class=\"wp-block-image\">\n<figure class=\"aligncenter is-resized\"><img decoding=\"async\" src=\"https:\/\/imgrosetta.mynet.com.tr\/file\/18366477\/18366477-728xauto.jpg\" alt=\"Ece \u00dcner istifa etti\u011fini duyurdu: Yak\u0131nda g\u00f6r\u00fc\u015fmek \u00fczere...\" style=\"width:645px;height:auto\"\/><\/figure>\n<\/div>\n\n\n<p>Yapt\u0131\u011f\u0131 a\u00e7\u0131klamalarla s\u0131k\u00e7a g\u00fcndem olan \u00fcnl\u00fc sunucu Ece \u00dcner, ayr\u0131l\u0131k haberini duyurdu.<\/p>\n\n\n\n<p>TV100 Ana Haber&#8217;den ayr\u0131ld\u0131\u011f\u0131n\u0131 sosyal medya platformu X \u00fczerinden duyuran \u00dcner, TV100 y\u00f6netimine de ayr\u0131ca te\u015fekk\u00fcr etti.<\/p>\n\n\n<div class=\"wp-block-image\">\n<figure class=\"aligncenter is-resized\"><img decoding=\"async\" src=\"https:\/\/imgrosetta.mynet.com.tr\/file\/18366482\/640xauto.jpg\" alt=\"ECE \u00dcNER777\" style=\"width:646px;height:auto\"\/><\/figure>\n<\/div>\n\n\n<h2 class=\"wp-block-heading\">&#8220;YAKINDA G\u00d6R\u00dc\u015eMEK \u00dcZERE&#8221;<\/h2>\n\n\n\n<p>&#8220;TV100 Ana Haber\u2019den kendi iste\u011fimle ayr\u0131ld\u0131m. Siz izleyicilerime \u00e7ok te\u015fekk\u00fcr ederim. TV100 y\u00f6netimine de ge\u00e7ti\u011fimiz bir y\u0131l boyunca verdikleri destek ve g\u00fcvenleri i\u00e7in te\u015fekk\u00fcr ederim. Yak\u0131nda g\u00f6r\u00fc\u015fmek \u00fczere.&#8221;<\/p>\n\n\n\n<figure class=\"wp-block-image\"><img decoding=\"async\" src=\"https:\/\/imgrosetta.mynet.com.tr\/file\/18366567\/640xauto.jpg\" alt=\"ECE \u00dcNERRR\"\/><\/figure>\n","protected":false},"excerpt":{"rendered":"<p>Ceylan Y\u0131ld\u0131z Mynet Magazin Edit\u00f6r\u00fc \u00dcnl\u00fc sunucu\u00a0Ece \u00dcner, TV100 Ana Haber&#8217;den ayr\u0131ld\u0131\u011f\u0131n\u0131\u00a0sosyal medya\u00a0hesab\u0131ndan yapt\u0131\u011f\u0131 payla\u015f\u0131mla duyurdu. Payla\u015f\u0131m\u0131na &#8220;Yak\u0131nda g\u00f6r\u00fc\u015f\u00fcr\u00fcz&#8221; notunu d\u00fc\u015ft\u00fc. Yapt\u0131\u011f\u0131 a\u00e7\u0131klamalarla s\u0131k\u00e7a g\u00fcndem olan \u00fcnl\u00fc sunucu Ece \u00dcner, ayr\u0131l\u0131k haberini duyurdu. TV100 Ana Haber&#8217;den ayr\u0131ld\u0131\u011f\u0131n\u0131 sosyal medya platformu X \u00fczerinden duyuran \u00dcner, TV100 y\u00f6netimine de ayr\u0131ca te\u015fekk\u00fcr etti. &#8220;YAKINDA G\u00d6R\u00dc\u015eMEK \u00dcZERE&#8221; &#8220;TV100 Ana [&hellip;]<\/p>\n","protected":false},"author":1,"featured_media":1131,"comment_status":"open","ping_status":"open","sticky":false,"template":"","format":"standard","meta":{"footnotes":""},"categories":[18,3],"tags":[],"class_list":["post-1130","post","type-post","status-publish","format-standard","has-post-thumbnail","hentry","category-sirketler-is-hayati","category-son-haberler"],"_links":{"self":[{"href":"https:\/\/famelifemagazin.com\/index.php?rest_route=\/wp\/v2\/posts\/1130","targetHints":{"allow":["GET"]}}],"collection":[{"href":"https:\/\/famelifemagazin.com\/index.php?rest_route=\/wp\/v2\/posts"}],"about":[{"href":"https:\/\/famelifemagazin.com\/index.php?rest_route=\/wp\/v2\/types\/post"}],"author":[{"embeddable":true,"href":"https:\/\/famelifemagazin.com\/index.php?rest_route=\/wp\/v2\/users\/1"}],"replies":[{"embeddable":true,"href":"https:\/\/famelifemagazin.com\/index.php?rest_route=%2Fwp%2Fv2%2Fcomments&post=1130"}],"version-history":[{"count":1,"href":"https:\/\/famelifemagazin.com\/index.php?rest_route=\/wp\/v2\/posts\/1130\/revisions"}],"predecessor-version":[{"id":1132,"href":"https:\/\/famelifemagazin.com\/index.php?rest_route=\/wp\/v2\/posts\/1130\/revisions\/1132"}],"wp:featuredmedia":[{"embeddable":true,"href":"https:\/\/famelifemagazin.com\/index.php?rest_route=\/wp\/v2\/media\/1131"}],"wp:attachment":[{"href":"https:\/\/famelifemagazin.com\/index.php?rest_route=%2Fwp%2Fv2%2Fmedia&parent=1130"}],"wp:term":[{"taxonomy":"category","embeddable":true,"href":"https:\/\/famelifemagazin.com\/index.php?rest_route=%2Fwp%2Fv2%2Fcategories&post=1130"},{"taxonomy":"post_tag","embeddable":true,"href":"https:\/\/famelifemagazin.com\/index.php?rest_route=%2Fwp%2Fv2%2Ftags&post=1130"}],"curies":[{"name":"wp","href":"https:\/\/api.w.org\/{rel}","templated":true}]}}