{"id":1127,"date":"2024-02-02T12:55:46","date_gmt":"2024-02-02T12:55:46","guid":{"rendered":"https:\/\/famelifemagazin.com\/?p=1127"},"modified":"2024-02-02T12:55:47","modified_gmt":"2024-02-02T12:55:47","slug":"tiyatrokarenin-odullu-oyunlari-subat-ayinda-da-sahnede","status":"publish","type":"post","link":"https:\/\/famelifemagazin.com\/?p=1127","title":{"rendered":"T\u0130YATROKARE\u2019N\u0130N \u00d6D\u00dcLL\u00dc OYUNLARI \u015eUBAT AYINDA DA SAHNEDE!"},"content":{"rendered":"\n<p><\/p>\n\n\n\n<p>KAPALI G\u0130\u015eE OYUNU \u2018A\u011eA\u00c7LAR AYAKTA \u00d6L\u00dcR\u2019\u00dcN \u015eUBAT AYI PROGRAMI&#8230;<\/p>\n\n\n\n<p>KAHKAHALARLA G\u00dcLERKEN B\u0130R ANDA G\u00d6ZYA\u015eLARINIZI TUTAMAYACAKSINIZ.<\/p>\n\n\n\n<p>4 <a><\/a>\u015eubat Pazar 20:30 \u0130stanbul Trump Towers<\/p>\n\n\n\n<p>7 \u015eubat \u00c7ar\u015famba 20:30 Mall Of MO\u0130 Sahne<\/p>\n\n\n\n<p>15 \u015eubat Per\u015fembe 20:30 \u0130stanbul Beylikd\u00fcz\u00fc K\u00fclt\u00fcr Merkezi<\/p>\n\n\n\n<p>19 \u015eubat Pazartesi 20:30 \u0130stanbul Avc\u0131lar K\u00fclt\u00fcr Merkezi<\/p>\n\n\n\n<p>\u0130spanyol yazar-\u015fair Alejandro Casona&#8217;n\u0131n d\u00fcnya klasikleri aras\u0131nda yer alan \u2018A\u011fa\u00e7lar Ayakta \u00d6l\u00fcr\u2019 duygusal komedinin \u00e7evirisi ve oyunun y\u00f6netmenli\u011fini Nedim Saban \u00fcstleniyor.<\/p>\n\n\n\n<p>11 y\u0131l sonra bu oyunla tiyatroya d\u00f6nen Nevra Serezli, oyunda y\u00fcre\u011fi torun \u00f6zlemiyle dolu b\u00fcy\u00fckanne rol\u00fcn\u00fc \u00fcstleniyor. Usta oyuncu Serezli ye ise Aziz Sarvan e\u015flik ediyor.<\/p>\n\n\n\n<p>Oyunun kadrosundaki di\u011fer oyuncular Meral Asilt\u00fcrk, \u00d6nder Atakanl\u0131, Emre Ozan, Meltem \u00d6zlevent, Beyza Vural\u2026<\/p>\n\n\n\n<p>\u2018A\u011fa\u00e7lar Ayakta \u00d6l\u00fcr\u2019 oyununun konusu: \u00c7ocuklar\u0131n\u0131 bir u\u00e7ak kazas\u0131nda kaybetmi\u015f olan bir ailenin tek varl\u0131\u011f\u0131 torunlar\u0131d\u0131r. Ancak, geleneklerine ba\u011fl\u0131 olan dede, h\u0131rs\u0131zl\u0131k yaparken yakalad\u0131\u011f\u0131 torunu ile ba\u011flar\u0131n\u0131 kopart\u0131r.<\/p>\n\n\n\n<p>Y\u0131llar ge\u00e7tikten sonra, b\u00fcy\u00fckanne, sa\u011fl\u0131k sorunlar\u0131 nedeniyle ya\u015famdan ayr\u0131lmadan \u00f6nce torununu son kez g\u00f6rmek iste\u011fine kap\u0131l\u0131r. Ancak dede, torunun nerede oldu\u011funu bilmedi\u011fi i\u00e7in bir dilek tut derne\u011fine e\u015finin bu iste\u011finin yerine getirilmesi i\u00e7in torun rol\u00fc oynayacak birileri bulmas\u0131 i\u00e7in ba\u015fvurur.<\/p>\n\n\n\n<p>Kendisine oynanan bu oyunu sorgulamadan kabul eden ve bir yalan i\u00e7inde ya\u015famay\u0131 ac\u0131 ger\u00e7e\u011fe ye\u011fleyen B\u00fcy\u00fckannenin d\u00fcnyas\u0131, ger\u00e7ek torunun boy g\u00f6stermesiyle y\u0131k\u0131lacakt\u0131r.<\/p>\n\n\n\n<p>T\u0130YATROKARE \u2018VEDA\u2019 \u0130LE T\u00dcRK\u0130YE TURNES\u0130NE \u00c7IKIYOR&#8230;<\/p>\n\n\n\n<p>\u0130stanbul, \u0130zmir, Bodrum, Ankara, Mersin, Gaziantep, Urfa, Diyarbak\u0131r ve Yalova\u2026.T\u00fcrkiye turnesine \u00e7\u0131kacak VEDA\u2019n\u0131n tarihleri ve sahneleri\u2026<\/p>\n\n\n\n<p>2 \u015eubat Cuma 20:30 Trump Towers<\/p>\n\n\n\n<p>10 \u015eubat Cumartesi 20:30 \u0130zmir Bostanl\u0131 Suat Ta\u015fer Salonu<\/p>\n\n\n\n<p>11 \u015eubat Pazar 19:00 \u0130zmir Konak A.K.M.<\/p>\n\n\n\n<p>12 \u015eubat Pazartesi 20:30 \u0130zmir Narl\u0131dere A.K.M.<\/p>\n\n\n\n<p>13 \u015eubat Sal\u0131 20:30 Bodrum Herodot K\u00fclt\u00fcr Merkezi<\/p>\n\n\n\n<p>18 \u015eubat Pazar 15:00 \/ 19:00 Trump Towers<\/p>\n\n\n\n<p>21 \u015eubat \u00c7ar\u015famba 20:30 Atak\u00f6y Yunus Emre<\/p>\n\n\n\n<p>22 \u015eubat Per\u015fembe 20:00 Ankara M.E.B \u015eura<\/p>\n\n\n\n<p>23 \u015eubat Cuma 20:30 Mersin Devlet Opera<\/p>\n\n\n\n<p>25 \u015eubat Pazar 20:30 Gaziantep \u00dcniversitesi AKM<\/p>\n\n\n\n<p>26 \u015eubat Pazartesi 20:00 Urfa City AVM<\/p>\n\n\n\n<p>27 \u015eubat Sal\u0131 20:00 Diyarbak\u0131r Sezai Karako\u00e7<\/p>\n\n\n\n<p>29 \u015eubat Per\u015fembe 20:30 Yalova<\/p>\n\n\n\n<p>Edebi uyarlamalar konusunda ba\u015far\u0131s\u0131n\u0131 bir kez daha ispatlayan \u2018Tiyatrokare\u2019\u2019nin yeni oyunu \u201cVeda\u201d sanatseverlerle bulu\u015fmaya devam ediyor. Ay\u015fe Kulin\u2019in \u00e7ok sevilen, \u00e7ok okunan \u00fcnl\u00fc roman\u0131 \u2018Veda\u2019 Nedim Saban imzas\u0131yla sahneye uyarland\u0131. \u00d6mr\u00fcn\u00fc tiyatroya adayan usta oyuncu Nevra Serezli\u2019nin ba\u015frol\u00fcn\u00fc \u00fcstlendi\u011fi \u2018Veda\u2019, Milli M\u00fccadele d\u00f6nemine ve bu d\u00f6nemin hem ac\u0131 hem de umut dolu olaylar\u0131na \u0131\u015f\u0131k tutuyor\u2026<\/p>\n\n\n\n<p>\u201cVeda\u201d Oyununun konusu:<\/p>\n\n\n\n<p>\u201cVeda\u201d oyunu Cumhuriyetin kuruldu\u011fu ilk g\u00fcnlerinin getirdi\u011fi de\u011fi\u015fim sanc\u0131lar\u0131n\u0131 ve gerilimi anlat\u0131yor. Yazar Ay\u015fe Kulin\u2019in son Osmanl\u0131 naz\u0131r\u0131 olan dedesinin hayat hikayesini konu alan Veda\u2019n\u0131n oyuncu kadrosunda Nevra Serezli, Leyla Feray, Aziz Savran, Fatih G\u00fclnar, Meral Asilt\u00fcrk, Zeynep Sevi Y\u0131lmaz, Ali\u015fan \u00d6zkan, Gizemnur Topalo\u011flu, Gizem \u00c7ayhano\u011flu yer al\u0131yor.<\/p>\n\n\n\n<p>7 SEZONDUR SAHNELENEN, EN \u00c7OK SEYRED\u0130LEN \u2018AHUDUDU\u2019 OYUNUN \u015eUBAT AYI PROGRAMI<\/p>\n\n\n\n<p>8 \u015eubat Per\u015fembe 20:30 \u0130stanbul Mall Of MO\u0130<\/p>\n\n\n\n<p>23 \u015eubat Cuma 20:30 \u0130stanbul Avc\u0131lar Bar\u0131\u015f Man\u00e7o K\u00fclt\u00fcr Merkezi<\/p>\n\n\n\n<p>25 \u015eubat Pazar 15:00 \/ 18:30 F.M.V I\u015f\u0131k Okullar\u0131 Ni\u015fanta\u015f\u0131 M. Benderli<\/p>\n\n\n\n<p>Tiyatrokare\u2019nin 7 sezondur sahneye ta\u015f\u0131d\u0131\u011f\u0131 Suna Keskin, Melek Baykal, Nedim Saban ba\u015frol\u00fcn\u00fc oynad\u0131\u011f\u0131, oyuncu kadrosunda B\u00fclent Seyran, Cem G\u00fcler\u2019 Ender G\u00fcl\u00e7i\u00e7ek, Aysuda Dalg\u0131\u00e7, Birol Endeler, \u00d6zg\u00fcr Yetkino\u011flu\u2019nun oldu\u011fu ve ilk g\u00fcnden bug\u00fcne kadar kapal\u0131 gi\u015fe oynamaya devam ediyor. Melek Baykal oyundaki rol\u00fcyle D\u00fcmb\u00fcll\u00fc \u00d6d\u00fcl\u00fc\u2019n\u00fc, Suna Keskin ise Kartal Tiyatro Festivali Onur \u00d6d\u00fcl\u00fc\u2019n\u00fc ald\u0131.<\/p>\n\n\n\n<p>Ahududu oyununun konusu: Oyun kahramanlar\u0131 olan iki ya\u015fl\u0131 kad\u0131n bir konakta, ye\u011fenleriyle birlikte m\u00fcnzevi bir hayat ya\u015famakta ve kona\u011f\u0131n tek ki\u015filik bir k\u00fc\u00e7\u00fck odas\u0131n\u0131 g\u00fcnl\u00fck olarak kiralamaktad\u0131rlar. Ancak, kendilerinin ya\u015fam\u0131\u015f oldu\u011fu mutsuzlu\u011fun bir izd\u00fc\u015f\u00fcm\u00fc olarak de\u011ferlendirdikleri ve ac\u0131d\u0131klar\u0131 yaln\u0131z insanlar\u0131, daha g\u00fczel bir hayata kavu\u015fturmak i\u00e7in kimyasal bir form\u00fcl bulduklar\u0131na inan\u0131rlar. Zehir katt\u0131klar\u0131 Ahududu lik\u00f6r\u00fcn\u00fc i\u00e7en ki\u015filer ac\u0131s\u0131z bir bi\u00e7imde \u00f6b\u00fcr d\u00fcnyay\u0131 boylamaktad\u0131rlar.<\/p>\n\n\n\n<p><a href=\"https:\/\/www.facebook.com\/photo\/?fbid=6017944215225805&amp;set=pcb.6017944335225793&amp;__cft__[0]=AZVgmnQyk8Opi2YG-A195nBBc5M4JScLh1K7CjZ9ovGv8gK_NgpwLkM-yje9WP4Zptl5jKwKl4mBLa6sgw-5Ad6pnkdHkMh5qP0hnaNiTeMo_w&amp;__tn__=*bH-R\"><\/a><\/p>\n\n\n\n<figure class=\"wp-block-image\"><a href=\"https:\/\/www.facebook.com\/photo\/?fbid=6017944215225805&amp;set=pcb.6017944335225793&amp;__cft__[0]=AZVgmnQyk8Opi2YG-A195nBBc5M4JScLh1K7CjZ9ovGv8gK_NgpwLkM-yje9WP4Zptl5jKwKl4mBLa6sgw-5Ad6pnkdHkMh5qP0hnaNiTeMo_w&amp;__tn__=*bH-R\"><img decoding=\"async\" src=\"https:\/\/scontent.fada2-2.fna.fbcdn.net\/v\/t39.30808-6\/424679460_6017944198559140_3117973693332357205_n.jpg?stp=dst-jpg_s600x600&amp;_nc_cat=109&amp;ccb=1-7&amp;_nc_sid=3635dc&amp;_nc_ohc=9fLSpJmw93UAX9sotI4&amp;_nc_ht=scontent.fada2-2.fna&amp;oh=00_AfDYMwkz0mBWcRfLhvTvCkdB2NJZh-EbRwysmC1XKxXK-A&amp;oe=65C18B02\" alt=\"\"\/><\/a><\/figure>\n\n\n\n<p><a href=\"https:\/\/www.facebook.com\/photo\/?fbid=6017944288559131&amp;set=pcb.6017944335225793&amp;__cft__[0]=AZVgmnQyk8Opi2YG-A195nBBc5M4JScLh1K7CjZ9ovGv8gK_NgpwLkM-yje9WP4Zptl5jKwKl4mBLa6sgw-5Ad6pnkdHkMh5qP0hnaNiTeMo_w&amp;__tn__=*bH-R\"><\/a><\/p>\n\n\n\n<figure class=\"wp-block-image\"><a href=\"https:\/\/www.facebook.com\/photo\/?fbid=6017944288559131&amp;set=pcb.6017944335225793&amp;__cft__[0]=AZVgmnQyk8Opi2YG-A195nBBc5M4JScLh1K7CjZ9ovGv8gK_NgpwLkM-yje9WP4Zptl5jKwKl4mBLa6sgw-5Ad6pnkdHkMh5qP0hnaNiTeMo_w&amp;__tn__=*bH-R\"><img decoding=\"async\" src=\"https:\/\/scontent.fada2-3.fna.fbcdn.net\/v\/t39.30808-6\/422054795_6017944281892465_3663470923646478594_n.jpg?stp=dst-jpg_p526x395&amp;_nc_cat=102&amp;ccb=1-7&amp;_nc_sid=3635dc&amp;_nc_ohc=QprV02tQ6mcAX94kEzo&amp;_nc_ht=scontent.fada2-3.fna&amp;oh=00_AfD78r7n9jGwbE0Edw_euBYK6tev0-0frXkJcF24fyUKbw&amp;oe=65C10C28\" alt=\"\"\/><\/a><\/figure>\n\n\n\n<p><a href=\"https:\/\/www.facebook.com\/photo\/?fbid=6017944241892469&amp;set=pcb.6017944335225793&amp;__cft__[0]=AZVgmnQyk8Opi2YG-A195nBBc5M4JScLh1K7CjZ9ovGv8gK_NgpwLkM-yje9WP4Zptl5jKwKl4mBLa6sgw-5Ad6pnkdHkMh5qP0hnaNiTeMo_w&amp;__tn__=*bH-R\"><\/a><\/p>\n\n\n\n<figure class=\"wp-block-image\"><a href=\"https:\/\/www.facebook.com\/photo\/?fbid=6017944241892469&amp;set=pcb.6017944335225793&amp;__cft__[0]=AZVgmnQyk8Opi2YG-A195nBBc5M4JScLh1K7CjZ9ovGv8gK_NgpwLkM-yje9WP4Zptl5jKwKl4mBLa6sgw-5Ad6pnkdHkMh5qP0hnaNiTeMo_w&amp;__tn__=*bH-R\"><img decoding=\"async\" src=\"https:\/\/scontent.fada2-4.fna.fbcdn.net\/v\/t39.30808-6\/424582757_6017944238559136_8130098308962512194_n.jpg?stp=cp6_dst-jpg_p526x395&amp;_nc_cat=108&amp;ccb=1-7&amp;_nc_sid=3635dc&amp;_nc_ohc=ghtJrxUhQfEAX_ZJZyq&amp;_nc_ht=scontent.fada2-4.fna&amp;oh=00_AfD73IMzOxs7e4yBZuZYTRMi9KuUQ2vZED5jhK8QUpjhew&amp;oe=65C2B576\" alt=\"\"\/><\/a><\/figure>\n\n\n\n<p>Be\u011fen<\/p>\n\n\n\n<p>Yorum Yap<\/p>\n\n\n\n<p>Payla\u015f<\/p>\n","protected":false},"excerpt":{"rendered":"<p>KAPALI G\u0130\u015eE OYUNU \u2018A\u011eA\u00c7LAR AYAKTA \u00d6L\u00dcR\u2019\u00dcN \u015eUBAT AYI PROGRAMI&#8230; KAHKAHALARLA G\u00dcLERKEN B\u0130R ANDA G\u00d6ZYA\u015eLARINIZI TUTAMAYACAKSINIZ. 4 \u015eubat Pazar 20:30 \u0130stanbul Trump Towers 7 \u015eubat \u00c7ar\u015famba 20:30 Mall Of MO\u0130 Sahne 15 \u015eubat Per\u015fembe 20:30 \u0130stanbul Beylikd\u00fcz\u00fc K\u00fclt\u00fcr Merkezi 19 \u015eubat Pazartesi 20:30 \u0130stanbul Avc\u0131lar K\u00fclt\u00fcr Merkezi \u0130spanyol yazar-\u015fair Alejandro Casona&#8217;n\u0131n d\u00fcnya klasikleri aras\u0131nda yer alan [&hellip;]<\/p>\n","protected":false},"author":1,"featured_media":1128,"comment_status":"open","ping_status":"open","sticky":false,"template":"","format":"standard","meta":{"footnotes":""},"categories":[10,3],"tags":[],"class_list":["post-1127","post","type-post","status-publish","format-standard","has-post-thumbnail","hentry","category-kultur-sanat-sergi","category-son-haberler"],"_links":{"self":[{"href":"https:\/\/famelifemagazin.com\/index.php?rest_route=\/wp\/v2\/posts\/1127","targetHints":{"allow":["GET"]}}],"collection":[{"href":"https:\/\/famelifemagazin.com\/index.php?rest_route=\/wp\/v2\/posts"}],"about":[{"href":"https:\/\/famelifemagazin.com\/index.php?rest_route=\/wp\/v2\/types\/post"}],"author":[{"embeddable":true,"href":"https:\/\/famelifemagazin.com\/index.php?rest_route=\/wp\/v2\/users\/1"}],"replies":[{"embeddable":true,"href":"https:\/\/famelifemagazin.com\/index.php?rest_route=%2Fwp%2Fv2%2Fcomments&post=1127"}],"version-history":[{"count":1,"href":"https:\/\/famelifemagazin.com\/index.php?rest_route=\/wp\/v2\/posts\/1127\/revisions"}],"predecessor-version":[{"id":1129,"href":"https:\/\/famelifemagazin.com\/index.php?rest_route=\/wp\/v2\/posts\/1127\/revisions\/1129"}],"wp:featuredmedia":[{"embeddable":true,"href":"https:\/\/famelifemagazin.com\/index.php?rest_route=\/wp\/v2\/media\/1128"}],"wp:attachment":[{"href":"https:\/\/famelifemagazin.com\/index.php?rest_route=%2Fwp%2Fv2%2Fmedia&parent=1127"}],"wp:term":[{"taxonomy":"category","embeddable":true,"href":"https:\/\/famelifemagazin.com\/index.php?rest_route=%2Fwp%2Fv2%2Fcategories&post=1127"},{"taxonomy":"post_tag","embeddable":true,"href":"https:\/\/famelifemagazin.com\/index.php?rest_route=%2Fwp%2Fv2%2Ftags&post=1127"}],"curies":[{"name":"wp","href":"https:\/\/api.w.org\/{rel}","templated":true}]}}