{"id":1106,"date":"2024-02-01T10:53:21","date_gmt":"2024-02-01T10:53:21","guid":{"rendered":"https:\/\/famelifemagazin.com\/?p=1106"},"modified":"2024-02-01T12:22:49","modified_gmt":"2024-02-01T12:22:49","slug":"bensu-soral-mini-eteginin-fermuarini-acip-poz-verdi-file-corap-detayi","status":"publish","type":"post","link":"https:\/\/famelifemagazin.com\/?p=1106","title":{"rendered":"Bensu Soral Mini Ete\u011finin Fermuar\u0131n\u0131 A\u00e7\u0131p Poz Verdi! File \u00c7orap Detay\u0131\u2026"},"content":{"rendered":"\n<p>Son olarak Tuzak dizisinde boy g\u00f6steren\u00a0Bensu Soral, Hello Dergisi i\u00e7in cesur pozlara imza att\u0131.\u00a0Bensu\u00a0Soral mini etekli tarz\u0131yla sosyal medyay\u0131 sallad\u0131.<\/p>\n\n\n\n<p><a href=\"https:\/\/www.mynet.com\/profil\/kubra-akalin-4409\" target=\"_blank\" rel=\"noreferrer noopener\">Kubra Akal\u0131n <em>Mynet Magazin Servis Sorumlusu<\/em><\/a><a href=\"mailto:?subject=Bensu%20Soral%20mini%20ete%C4%9Finin%20fermuar%C4%B1n%C4%B1%20a%C3%A7%C4%B1p%20poz%20verdi!%20File%20%C3%A7orap%20detay%C4%B1...%20haberi%20ile%20ilgili&amp;body=Bensu%20Soral%20mini%20ete%C4%9Finin%20fermuar%C4%B1n%C4%B1%20a%C3%A7%C4%B1p%20poz%20verdi!%20File%20%C3%A7orap%20detay%C4%B1...%0A%0A%20Son%20olarak%20Tuzak%20dizisinde%20boy%20g%C3%B6steren%20Bensu%20Soral,%20Hello%20Dergisi%20i%C3%A7in%20cesur%20pozlara%20imza%20att%C4%B1.%20Bensu%20Soral%20mini%20etekli%20tarz%C4%B1yla%20sosyal%20medyay%C4%B1%20sallad%C4%B1.%20%0A%0A%20https:\/\/www.mynet.com\/bensu-soral-mini-eteginin-fermuarini-acip-poz-verdi-file-corap-detayi-494227-mymagazin\"><\/a><\/p>\n\n\n<div class=\"wp-block-image\">\n<figure class=\"aligncenter is-resized\"><img decoding=\"async\" src=\"https:\/\/imgrosetta.mynet.com.tr\/file\/18360094\/18360094-728xauto.jpg\" alt=\"Bensu Soral mini ete\u011finin fermuar\u0131n\u0131 a\u00e7\u0131p poz verdi! File \u00e7orap detay\u0131...\" style=\"width:551px;height:auto\"\/><\/figure>\n<\/div>\n\n\n<p><a href=\"https:\/\/www.mynet.com\/haberler\/sosyal-medya\">Sosyal medya<\/a>&nbsp;hesab\u0131ndan yapt\u0131\u011f\u0131 payla\u015f\u0131mlarla dikkat \u00e7eken g\u00fczel oyuncu Bensu Soral &#8216;Esteti\u011fim yok ama iki tane di\u015fim eksik do\u011fu\u015ftan. Kendimi g\u00fczel buluyorum. Ortalama g\u00fczelli\u011fim oldu\u011funu d\u00fc\u015f\u00fcn\u00fcyorum&#8217; a\u00e7\u0131klamas\u0131yla g\u00fcndeme gelmi\u015fti.<\/p>\n\n\n<div class=\"wp-block-image\">\n<figure class=\"aligncenter size-full is-resized\"><img loading=\"lazy\" decoding=\"async\" width=\"640\" height=\"644\" src=\"https:\/\/famelifemagazin.com\/wp-content\/uploads\/2024\/02\/33333333.png\" alt=\"\" class=\"wp-image-1111\" style=\"width:543px;height:auto\" srcset=\"https:\/\/famelifemagazin.com\/wp-content\/uploads\/2024\/02\/33333333.png 640w, https:\/\/famelifemagazin.com\/wp-content\/uploads\/2024\/02\/33333333-298x300.png 298w, https:\/\/famelifemagazin.com\/wp-content\/uploads\/2024\/02\/33333333-150x150.png 150w\" sizes=\"auto, (max-width: 640px) 100vw, 640px\" \/><\/figure>\n<\/div>\n\n\n<p>Kahve tonlar\u0131ndaki kombiniyle dikkat \u00e7eken Soral mini ete\u011finin fermuar\u0131n\u0131 a\u00e7\u0131p file \u00e7orab\u0131n\u0131 da sergiledi.<\/p>\n\n\n\n<p class=\"has-text-align-center\"><img decoding=\"async\" src=\"https:\/\/imgrosetta.mynet.com.tr\/file\/18360084\/640xauto.jpg\" alt=\"2\"><br>Diz\u00fcst\u00fc \u00e7izmeleri, siyah s\u00fctyeni ve g\u00f6zl\u00fckle tamamlad\u0131\u011f\u0131 kombinle pozlar\u0131n\u0131 payla\u015fan Soral&#8217;a hayranlar\u0131ndan &#8220;\u00c7ok seksisin&#8221; yorumlar\u0131 gecikmedi.<\/p>\n","protected":false},"excerpt":{"rendered":"<p>Son olarak Tuzak dizisinde boy g\u00f6steren\u00a0Bensu Soral, Hello Dergisi i\u00e7in cesur pozlara imza att\u0131.\u00a0Bensu\u00a0Soral mini etekli tarz\u0131yla sosyal medyay\u0131 sallad\u0131. Kubra Akal\u0131n Mynet Magazin Servis Sorumlusu Sosyal medya&nbsp;hesab\u0131ndan yapt\u0131\u011f\u0131 payla\u015f\u0131mlarla dikkat \u00e7eken g\u00fczel oyuncu Bensu Soral &#8216;Esteti\u011fim yok ama iki tane di\u015fim eksik do\u011fu\u015ftan. Kendimi g\u00fczel buluyorum. Ortalama g\u00fczelli\u011fim oldu\u011funu d\u00fc\u015f\u00fcn\u00fcyorum&#8217; a\u00e7\u0131klamas\u0131yla g\u00fcndeme gelmi\u015fti. Kahve [&hellip;]<\/p>\n","protected":false},"author":1,"featured_media":1107,"comment_status":"open","ping_status":"open","sticky":false,"template":"","format":"standard","meta":{"footnotes":""},"categories":[4,3],"tags":[],"class_list":["post-1106","post","type-post","status-publish","format-standard","has-post-thumbnail","hentry","category-magazin","category-son-haberler"],"_links":{"self":[{"href":"https:\/\/famelifemagazin.com\/index.php?rest_route=\/wp\/v2\/posts\/1106","targetHints":{"allow":["GET"]}}],"collection":[{"href":"https:\/\/famelifemagazin.com\/index.php?rest_route=\/wp\/v2\/posts"}],"about":[{"href":"https:\/\/famelifemagazin.com\/index.php?rest_route=\/wp\/v2\/types\/post"}],"author":[{"embeddable":true,"href":"https:\/\/famelifemagazin.com\/index.php?rest_route=\/wp\/v2\/users\/1"}],"replies":[{"embeddable":true,"href":"https:\/\/famelifemagazin.com\/index.php?rest_route=%2Fwp%2Fv2%2Fcomments&post=1106"}],"version-history":[{"count":4,"href":"https:\/\/famelifemagazin.com\/index.php?rest_route=\/wp\/v2\/posts\/1106\/revisions"}],"predecessor-version":[{"id":1115,"href":"https:\/\/famelifemagazin.com\/index.php?rest_route=\/wp\/v2\/posts\/1106\/revisions\/1115"}],"wp:featuredmedia":[{"embeddable":true,"href":"https:\/\/famelifemagazin.com\/index.php?rest_route=\/wp\/v2\/media\/1107"}],"wp:attachment":[{"href":"https:\/\/famelifemagazin.com\/index.php?rest_route=%2Fwp%2Fv2%2Fmedia&parent=1106"}],"wp:term":[{"taxonomy":"category","embeddable":true,"href":"https:\/\/famelifemagazin.com\/index.php?rest_route=%2Fwp%2Fv2%2Fcategories&post=1106"},{"taxonomy":"post_tag","embeddable":true,"href":"https:\/\/famelifemagazin.com\/index.php?rest_route=%2Fwp%2Fv2%2Ftags&post=1106"}],"curies":[{"name":"wp","href":"https:\/\/api.w.org\/{rel}","templated":true}]}}