{"id":1084,"date":"2024-02-01T08:21:24","date_gmt":"2024-02-01T08:21:24","guid":{"rendered":"https:\/\/famelifemagazin.com\/?p=1084"},"modified":"2024-02-01T08:26:28","modified_gmt":"2024-02-01T08:26:28","slug":"safiye-doganaydan-sarkili-itiraf","status":"publish","type":"post","link":"https:\/\/famelifemagazin.com\/?p=1084","title":{"rendered":"SAF\u0130YE DO\u011eANAY&#8217;DAN \u015eARKILI \u0130T\u0130RAF"},"content":{"rendered":"\n<p>M\u00fczik d\u00fcnyas\u0131n\u0131n \u00fcnl\u00fc yorumcusu ve s\u00f6z yazar\u0131 bestecisi Safiye Do\u011fanay, yeni teklisiyle sevenleriyle bir kez daha bulu\u015ftu. Ard\u0131 s\u0131ra \u00e7\u0131kard\u0131\u011f\u0131 tekli \u015fark\u0131larla g\u00fcndemden d\u00fc\u015fmeyen fantezi sanat m\u00fczi\u011finin sevilen sesi Safiye Do\u011fanay, \u015eeker M\u00fczik etiketiyle\u00a0&#8220;SEVM\u0130\u015e\u0130M BE CANIM &#8221; isimli eserini, Kerem \u00d6zdemir aranj\u00f6rl\u00fc\u011f\u00fcnde m\u00fczik d\u00fcnyas\u0131na sundu. <\/p>\n\n\n\n<p>\u201cSEVM\u0130\u015e\u0130M BE CANIM\u201d isimli eserine ba\u015far\u0131l\u0131 y\u00f6netmen \u0130brahim B\u00fclb\u00fcl taraf\u0131ndan birde klip \u00e7al\u0131\u015fmas\u0131 yapt\u0131. Nostalji esintisinin ya\u015fand\u0131\u011f\u0131 klip \u00e7ekimlerinde \u00f6zledi\u011fimiz duygular yan\u0131nda g\u00f6rsel materyaller yer al\u0131rken Safiye Do\u011fanay Performans\u0131 ile tamamland\u0131. \u015eark\u0131lar\u0131n\u0131n hepsinin ger\u00e7ek hikayelerin notalara d\u00f6k\u00fclm\u00fc\u015f hali oldu\u011funu ifade eden Safiye Do\u011fanay \u201cBu \u015fark\u0131m b\u00fcy\u00fck bir sevgi ve\u00a0 \u00a0a\u015fk\u0131n ger\u00e7ek ya\u015fanm\u0131\u015f hikayesidir. Benim \u015fark\u0131lar\u0131m ger\u00e7ek duygular ve yak\u0131nlar\u0131m\u0131n ya\u015fad\u0131klar\u0131ndan al\u0131nt\u0131d\u0131r. <\/p>\n\n\n\n<p>Sevmi\u015fim Be Can\u0131m benim y\u0131llar \u00f6nce ya\u015fad\u0131\u011f\u0131m ger\u00e7ek duygular\u0131n \u015fark\u0131s\u0131d\u0131r, benim i\u00e7in \u015fark\u0131 de\u011fil itiraft\u0131r\u201d dedi. Ya\u015fad\u0131klar\u0131n\u0131 notalara d\u00f6kerek m\u00fczik yolculu\u011funda samimi duygularla \u00f6nemli bir seven kitlesine sahip olan Safiye Do\u011fanay, kulvar\u0131nda \u00f6nemli bir \u00e7\u0131k\u0131\u015f yakalad\u0131.<\/p>\n\n\n\n<p>SAF\u0130YE DO\u011eANAY YORUMUYLA \u201cSEVM\u0130\u015e\u0130M BE CANIM\u201d KL\u0130P L\u0130NK<\/p>\n\n\n\n<figure class=\"wp-block-embed is-type-video is-provider-youtube wp-block-embed-youtube wp-embed-aspect-16-9 wp-has-aspect-ratio\"><div class=\"wp-block-embed__wrapper\">\n<iframe loading=\"lazy\" title=\"Safiye Do\u011fanay - Sevmi\u015fim Be Can\u0131m\" width=\"696\" height=\"392\" src=\"https:\/\/www.youtube.com\/embed\/aeJ7jzVEVxs?feature=oembed\" frameborder=\"0\" allow=\"accelerometer; autoplay; clipboard-write; encrypted-media; gyroscope; picture-in-picture; web-share\" allowfullscreen><\/iframe>\n<\/div><\/figure>\n\n\n\n<figure class=\"wp-block-gallery has-nested-images columns-default is-cropped wp-block-gallery-1 is-layout-flex wp-block-gallery-is-layout-flex\">\n<figure class=\"wp-block-image size-large\"><img decoding=\"async\" data-id=\"1089\" src=\"https:\/\/famelifemagazin.com\/wp-content\/uploads\/2024\/02\/SAFIYE-DOGANAY-E-1-1024x576.jpg\" alt=\"\" class=\"wp-image-1089\"\/><\/figure>\n\n\n\n<figure class=\"wp-block-image size-large\"><img decoding=\"async\" data-id=\"1088\" src=\"https:\/\/famelifemagazin.com\/wp-content\/uploads\/2024\/02\/safiye-doganay-e-1-1024x576.jpg\" alt=\"\" class=\"wp-image-1088\"\/><\/figure>\n<\/figure>\n\n\n\n<figure class=\"wp-block-image size-large\"><img decoding=\"async\" src=\"https:\/\/famelifemagazin.com\/wp-content\/uploads\/2024\/02\/SAFIYE-DOGANAY-s-1-815x1024.jpg\" alt=\"\" class=\"wp-image-1090\"\/><\/figure>\n","protected":false},"excerpt":{"rendered":"<p>M\u00fczik d\u00fcnyas\u0131n\u0131n \u00fcnl\u00fc yorumcusu ve s\u00f6z yazar\u0131 bestecisi Safiye Do\u011fanay, yeni teklisiyle sevenleriyle bir kez daha bulu\u015ftu. Ard\u0131 s\u0131ra \u00e7\u0131kard\u0131\u011f\u0131 tekli \u015fark\u0131larla g\u00fcndemden d\u00fc\u015fmeyen fantezi sanat m\u00fczi\u011finin sevilen sesi Safiye Do\u011fanay, \u015eeker M\u00fczik etiketiyle\u00a0&#8220;SEVM\u0130\u015e\u0130M BE CANIM &#8221; isimli eserini, Kerem \u00d6zdemir aranj\u00f6rl\u00fc\u011f\u00fcnde m\u00fczik d\u00fcnyas\u0131na sundu. \u201cSEVM\u0130\u015e\u0130M BE CANIM\u201d isimli eserine ba\u015far\u0131l\u0131 y\u00f6netmen \u0130brahim B\u00fclb\u00fcl taraf\u0131ndan [&hellip;]<\/p>\n","protected":false},"author":1,"featured_media":1095,"comment_status":"open","ping_status":"open","sticky":false,"template":"","format":"standard","meta":{"footnotes":""},"categories":[7,3],"tags":[],"class_list":["post-1084","post","type-post","status-publish","format-standard","has-post-thumbnail","hentry","category-muzik","category-son-haberler"],"_links":{"self":[{"href":"https:\/\/famelifemagazin.com\/index.php?rest_route=\/wp\/v2\/posts\/1084","targetHints":{"allow":["GET"]}}],"collection":[{"href":"https:\/\/famelifemagazin.com\/index.php?rest_route=\/wp\/v2\/posts"}],"about":[{"href":"https:\/\/famelifemagazin.com\/index.php?rest_route=\/wp\/v2\/types\/post"}],"author":[{"embeddable":true,"href":"https:\/\/famelifemagazin.com\/index.php?rest_route=\/wp\/v2\/users\/1"}],"replies":[{"embeddable":true,"href":"https:\/\/famelifemagazin.com\/index.php?rest_route=%2Fwp%2Fv2%2Fcomments&post=1084"}],"version-history":[{"count":1,"href":"https:\/\/famelifemagazin.com\/index.php?rest_route=\/wp\/v2\/posts\/1084\/revisions"}],"predecessor-version":[{"id":1091,"href":"https:\/\/famelifemagazin.com\/index.php?rest_route=\/wp\/v2\/posts\/1084\/revisions\/1091"}],"wp:featuredmedia":[{"embeddable":true,"href":"https:\/\/famelifemagazin.com\/index.php?rest_route=\/wp\/v2\/media\/1095"}],"wp:attachment":[{"href":"https:\/\/famelifemagazin.com\/index.php?rest_route=%2Fwp%2Fv2%2Fmedia&parent=1084"}],"wp:term":[{"taxonomy":"category","embeddable":true,"href":"https:\/\/famelifemagazin.com\/index.php?rest_route=%2Fwp%2Fv2%2Fcategories&post=1084"},{"taxonomy":"post_tag","embeddable":true,"href":"https:\/\/famelifemagazin.com\/index.php?rest_route=%2Fwp%2Fv2%2Ftags&post=1084"}],"curies":[{"name":"wp","href":"https:\/\/api.w.org\/{rel}","templated":true}]}}