{"id":1078,"date":"2024-01-31T13:28:05","date_gmt":"2024-01-31T13:28:05","guid":{"rendered":"https:\/\/famelifemagazin.com\/?p=1078"},"modified":"2024-01-31T13:33:33","modified_gmt":"2024-01-31T13:33:33","slug":"demet-ozdemirin-tarzinin-bedeli-dudak-ucuklatti","status":"publish","type":"post","link":"https:\/\/famelifemagazin.com\/?p=1078","title":{"rendered":"Demet \u00d6zdemir&#8217;in tarz\u0131n\u0131n bedeli dudak u\u00e7uklatt\u0131!"},"content":{"rendered":"\n<p>Pantolonunun fiyat\u0131n\u0131 duyanlar inanamad\u0131&#8230; Son olarak ba\u015frol\u00fcn\u00fc Engin Aky\u00fcrek ile payla\u015ft\u0131\u011f\u0131 Ad\u0131m Farah dizisiyle izleyicisinin kar\u015f\u0131s\u0131na \u00e7\u0131kan\u00a0Demet \u00d6zdemir\u00a0ba\u015far\u0131l\u0131 oyunculu\u011fu ve g\u00fczelli\u011fiyle ad\u0131ndan s\u00f6z ettiriyor. Sosyal medyay\u0131 olduk\u00e7a aktif kullanan \u00fcnl\u00fc isim bu defa tarz\u0131yla g\u00fcndem oldu. \u00d6zdemir&#8217;in pantolonunun fiyat\u0131 dudak u\u00e7uklatt\u0131.<a href=\"https:\/\/www.mynet.com\/profil\/oznur-yasli-ikier-52513\" target=\"_blank\" rel=\"noreferrer noopener\"><\/a><\/p>\n\n\n\n<p><a href=\"mailto:?subject=Demet%20%C3%96zdemir%27in%20tarz%C4%B1n%C4%B1n%20bedeli%20dudak%20u%C3%A7uklatt%C4%B1!%20Pantolonunun%20fiyat%C4%B1n%C4%B1%20duyanlar%20inanamad%C4%B1%20%20haberi%20ile%20ilgili&amp;body=Demet%20%C3%96zdemir%27in%20tarz%C4%B1n%C4%B1n%20bedeli%20dudak%20u%C3%A7uklatt%C4%B1!%20Pantolonunun%20fiyat%C4%B1n%C4%B1%20duyanlar%20inanamad%C4%B1%20%0A%0A%20Son%20olarak%20ba%C5%9Frol%C3%BCn%C3%BC%20Engin%20Aky%C3%BCrek%20ile%20payla%C5%9Ft%C4%B1%C4%9F%C4%B1%20Ad%C4%B1m%20Farah%20dizisiyle%20izleyicisinin%20kar%C5%9F%C4%B1s%C4%B1na%20%C3%A7%C4%B1kan%20Demet%20%C3%96zdemir%20ba%C5%9Far%C4%B1l%C4%B1%20oyunculu%C4%9Fu%20ve%20g%C3%BCzelli%C4%9Fiyle%20ad%C4%B1ndan%20s%C3%B6z%20ettiriyor.%20Sosyal%20medyay%C4%B1%20olduk%C3%A7a%20aktif%20kullanan%20%C3%BCnl%C3%BC%20isim%20bu%20defa%20tarz%C4%B1yla%20g%C3%BCndem%20oldu.%20%C3%96zdemir%27in%20pantolonunun%20fiyat%C4%B1%20dudak%20u%C3%A7uklatt%C4%B1.%20%0A%0A%20https:\/\/www.mynet.com\/demet-ozdemir-in-tarzinin-bedeli-dudak-ucuklatti-pantolonunun-fiyatini-duyanlar-inanamadi-494140-mymagazin\"><\/a><\/p>\n\n\n<div class=\"wp-block-image\">\n<figure class=\"aligncenter is-resized\"><img decoding=\"async\" src=\"https:\/\/imgrosetta.mynet.com.tr\/file\/18355802\/18355802-728xauto.png\" alt=\"Demet \u00d6zdemir'in tarz\u0131n\u0131n bedeli dudak u\u00e7uklatt\u0131! Pantolonunun fiyat\u0131n\u0131 duyanlar inanamad\u0131 \" style=\"width:540px;height:auto\"\/><\/figure>\n<\/div>\n\n\n<p>O\u011fuzhan Ko\u00e7\u00a0ile sekiz ayl\u0131k evlili\u011fi ge\u00e7ti\u011fimiz may\u0131s ay\u0131nda biten Demet \u00d6zdemir \u00f6nceki haftalarda ya\u015fad\u0131\u011f\u0131 sa\u011fl\u0131k sorunlar\u0131yla g\u00fcndeme gelmi\u015fti. Evde dinlenerek iyile\u015fmeye \u00e7al\u0131\u015fan gen\u00e7\u00a0oyuncu\u00a0\u015fimdi de son pozlar\u0131yla olay oldu.<a href=\"https:\/\/ams.millipiyangoonline.com\/srvpartner\/partnershipRedirect\" target=\"_blank\" rel=\"noreferrer noopener\"><\/a><\/p>\n\n\n\n<p><a href=\"https:\" rel=\"noreferrer noopener\" target=\"_blank\"><\/a><\/p>\n\n\n<div class=\"wp-block-image\">\n<figure class=\"aligncenter is-resized\"><img decoding=\"async\" src=\"https:\/\/imgrosetta.mynet.com.tr\/file\/18355810\/640xauto.jpg\" alt=\"demet 3\" style=\"width:523px;height:auto\"\/><\/figure>\n<\/div>\n\n\n<p>Sosyal medyay\u0131 olduk\u00e7a aktif kullanan Demet \u00d6zdemir&#8217;in ayna pozu dikkat \u00e7ekti. G\u00fczel oyuncunun spor tarz\u0131n\u0131n bedeli de ortaya \u00e7\u0131kt\u0131.<\/p>\n\n\n<div class=\"wp-block-image\">\n<figure class=\"aligncenter is-resized\"><img decoding=\"async\" src=\"https:\/\/imgrosetta.mynet.com.tr\/file\/18355811\/640xauto.jpg\" alt=\"demet 2\" style=\"width:509px;height:auto\"\/><\/figure>\n<\/div>\n\n\n<p>&#8216;Fenomenler Ne Giymi\u015f?&#8217; adl\u0131 Instagram sayfas\u0131na g\u00f6re; \u00d6zdemir&#8217;in \u00fcnl\u00fc bir markaya ait bej renkli pantolonunun fiyat\u0131 tam tam\u0131na 38 bin 482 TL.<\/p>\n\n\n<div class=\"wp-block-image\">\n<figure class=\"aligncenter is-resized\"><img decoding=\"async\" src=\"https:\/\/imgrosetta.mynet.com.tr\/file\/18355813\/640xauto.jpg\" alt=\"demet 1\" style=\"width:508px;height:auto\"\/><\/figure>\n<\/div>\n\n\n<p>\u00dcnl\u00fc ismin tarz\u0131n\u0131n bedeline sosyal medyada; &#8216;\u00c7ok pahal\u0131 de\u011fil mi?&#8217;, &#8216;Bir pantolon i\u00e7in \u00e7ok fazla&#8217; gibi yorumlar yap\u0131ld\u0131.<\/p>\n","protected":false},"excerpt":{"rendered":"<p>Pantolonunun fiyat\u0131n\u0131 duyanlar inanamad\u0131&#8230; Son olarak ba\u015frol\u00fcn\u00fc Engin Aky\u00fcrek ile payla\u015ft\u0131\u011f\u0131 Ad\u0131m Farah dizisiyle izleyicisinin kar\u015f\u0131s\u0131na \u00e7\u0131kan\u00a0Demet \u00d6zdemir\u00a0ba\u015far\u0131l\u0131 oyunculu\u011fu ve g\u00fczelli\u011fiyle ad\u0131ndan s\u00f6z ettiriyor. Sosyal medyay\u0131 olduk\u00e7a aktif kullanan \u00fcnl\u00fc isim bu defa tarz\u0131yla g\u00fcndem oldu. \u00d6zdemir&#8217;in pantolonunun fiyat\u0131 dudak u\u00e7uklatt\u0131. O\u011fuzhan Ko\u00e7\u00a0ile sekiz ayl\u0131k evlili\u011fi ge\u00e7ti\u011fimiz may\u0131s ay\u0131nda biten Demet \u00d6zdemir \u00f6nceki haftalarda ya\u015fad\u0131\u011f\u0131 [&hellip;]<\/p>\n","protected":false},"author":1,"featured_media":1079,"comment_status":"open","ping_status":"open","sticky":false,"template":"","format":"standard","meta":{"footnotes":""},"categories":[4,3],"tags":[],"class_list":["post-1078","post","type-post","status-publish","format-standard","has-post-thumbnail","hentry","category-magazin","category-son-haberler"],"_links":{"self":[{"href":"https:\/\/famelifemagazin.com\/index.php?rest_route=\/wp\/v2\/posts\/1078","targetHints":{"allow":["GET"]}}],"collection":[{"href":"https:\/\/famelifemagazin.com\/index.php?rest_route=\/wp\/v2\/posts"}],"about":[{"href":"https:\/\/famelifemagazin.com\/index.php?rest_route=\/wp\/v2\/types\/post"}],"author":[{"embeddable":true,"href":"https:\/\/famelifemagazin.com\/index.php?rest_route=\/wp\/v2\/users\/1"}],"replies":[{"embeddable":true,"href":"https:\/\/famelifemagazin.com\/index.php?rest_route=%2Fwp%2Fv2%2Fcomments&post=1078"}],"version-history":[{"count":2,"href":"https:\/\/famelifemagazin.com\/index.php?rest_route=\/wp\/v2\/posts\/1078\/revisions"}],"predecessor-version":[{"id":1081,"href":"https:\/\/famelifemagazin.com\/index.php?rest_route=\/wp\/v2\/posts\/1078\/revisions\/1081"}],"wp:featuredmedia":[{"embeddable":true,"href":"https:\/\/famelifemagazin.com\/index.php?rest_route=\/wp\/v2\/media\/1079"}],"wp:attachment":[{"href":"https:\/\/famelifemagazin.com\/index.php?rest_route=%2Fwp%2Fv2%2Fmedia&parent=1078"}],"wp:term":[{"taxonomy":"category","embeddable":true,"href":"https:\/\/famelifemagazin.com\/index.php?rest_route=%2Fwp%2Fv2%2Fcategories&post=1078"},{"taxonomy":"post_tag","embeddable":true,"href":"https:\/\/famelifemagazin.com\/index.php?rest_route=%2Fwp%2Fv2%2Ftags&post=1078"}],"curies":[{"name":"wp","href":"https:\/\/api.w.org\/{rel}","templated":true}]}}