{"id":1069,"date":"2024-01-30T11:28:00","date_gmt":"2024-01-30T11:28:00","guid":{"rendered":"https:\/\/famelifemagazin.com\/?p=1069"},"modified":"2024-01-30T11:28:01","modified_gmt":"2024-01-30T11:28:01","slug":"daikinle-yasanabilir-gelecek-video-yarismasi-basliyor","status":"publish","type":"post","link":"https:\/\/famelifemagazin.com\/?p=1069","title":{"rendered":"\u201cDaikin\u2019le Ya\u015fanabilir Gelecek\u201d video yar\u0131\u015fmas\u0131 ba\u015fl\u0131yor"},"content":{"rendered":"\n<p><strong>2050 y\u0131l\u0131na kadar t\u00fcm faaliyetlerinde, satt\u0131\u011f\u0131 \u00fcr\u00fcn ve \u00e7\u00f6z\u00fcmlerinde sera gaz\u0131 emisyonlar\u0131n\u0131 net s\u0131f\u0131ra indirmeyi hedefleyen iklimlendirme sekt\u00f6r\u00fcn\u00fcn \u00f6nc\u00fc markas\u0131 Daikin, iklim krizi hakk\u0131nda fark\u0131ndal\u0131k yaratmak amac\u0131yla video yar\u0131\u015fmas\u0131 d\u00fczenliyor. \u201cDaikin\u2019le Ya\u015fanabilir Gelecek\u201d video yar\u0131\u015fmas\u0131 ile kat\u0131l\u0131mc\u0131lara k\u00fcresel iklim de\u011fi\u015fikli\u011fi konusundaki d\u00fc\u015f\u00fcncelerini, \u00e7\u00f6z\u00fcm \u00f6nerilerini ve umutlar\u0131n\u0131 payla\u015fma f\u0131rsat\u0131 sunuluyor. \u00dccretsiz ba\u015fvuru yap\u0131labilecek video yar\u0131\u015fma ba\u015fvurular\u0131 29 Ocak&#8217;da ba\u015flayarak 22 Nisan&#8217;a kadar devam edecek ve \u00f6d\u00fcl almaya hak kazanan videolar 24 Haziran&#8217;da a\u00e7\u0131klanacak.<\/strong><\/p>\n\n\n\n<p>Avrupa\u2019da 50\u2019nci y\u0131l\u0131n\u0131 kutlayan, Japonya\u2019da 100\u2019\u00fcnc\u00fc ya\u015f\u0131n\u0131 kutlamaya haz\u0131rlanan iklimlendirme sekt\u00f6r\u00fcn\u00fcn \u00f6nc\u00fc markas\u0131 Daikin, k\u00fcresel iklim de\u011fi\u015fikli\u011fi hakk\u0131nda fark\u0131ndal\u0131k yaratmak amac\u0131yla yeni bir proje ba\u015flat\u0131yor. Bug\u00fcne kadar iklim fark\u0131ndal\u0131\u011f\u0131 ile ilgili \u201cTemiz Hava El\u00e7ileri Projesi\u201d, \u201cmaratHOME\u201d projesi sponsorlu\u011fu ve \u201cDaikin iklimlendirme s\u00f6zl\u00fc\u011f\u00fc\u201d gibi pek \u00e7ok proje ve uygulamaya imza atan Daikin T\u00fcrkiye, bu kez bir video yar\u0131\u015fmas\u0131 ile bu konuda yeni bir fark\u0131ndal\u0131k yaratmay\u0131 ama\u00e7l\u0131yor.<\/p>\n\n\n\n<p>\u201cDaikin\u2019le Ya\u015fanabilir Gelecek Video Yar\u0131\u015fmas\u0131\u201dn\u0131n temel kural\u0131, videolar\u0131n iklim de\u011fi\u015fikli\u011finin etkisini anlatmas\u0131 ve konu ile ilgili fark\u0131ndal\u0131k yaratacak i\u00e7erikler bar\u0131nd\u0131rmas\u0131. 18 ya\u015f\u0131ndan b\u00fcy\u00fcklerin kat\u0131labilece\u011fi yar\u0131\u015fmaya, s\u00fcresi 30 dakikay\u0131 ge\u00e7meyen videolarla \u00fccretsiz olarak ba\u015fvurulabiliyor. Yaln\u0131zca bir video ile ba\u015fvuru yapabilecek yar\u0131\u015fmac\u0131lar\u0131n Daikin T\u00fcrkiye YouTube hesab\u0131na abone olmas\u0131 da gerekiyor.<\/p>\n\n\n\n<p>T\u00fcrk\u00e7e i\u00e7eriklerle ba\u015fvuru yap\u0131lmas\u0131 ve videolar\u0131n yap\u0131m y\u0131l\u0131n\u0131n 2022 ya da 2023 olmas\u0131 da yar\u0131\u015fman\u0131n di\u011fer \u015fartlar\u0131ndan. Yar\u0131\u015fman\u0131n t\u00fcm ko\u015fullar\u0131na daikinyarisma.com adresinden ula\u015f\u0131labiliyor.<\/p>\n\n\n\n<p>Kazanan\u0131 Daikin T\u00fcrkiye Youtube Takip\u00e7ileri Belirleyecek<\/p>\n\n\n\n<p>29 Ocak\u2019ta ba\u015flayacak ba\u015fvurular daikinyarisma.com adresinde yer alan \u201cOnline Ba\u015fvuru Formu\u201d arac\u0131l\u0131\u011f\u0131yla 22 Nisan\u2019a kadar kabul edilecek. Yar\u0131\u015fmaya kat\u0131lan videolar \u00fcnl\u00fc radyo programc\u0131lar\u0131 Nihat S\u0131rdar ve Mete G\u00fc\u00e7l\u00fc, Daikin T\u00fcrkiye Kurumsal \u0130leti\u015fim B\u00f6l\u00fcm M\u00fcd\u00fcr\u00fc H\u00fclya Din\u00e7er, Reklam Ajans\u0131 Y\u00f6neticisi Melis Yar\u0131c\u0131 ve Belgesel Yap\u0131mc\u0131s\u0131 Sedat A\u00e7\u0131l\u2019\u0131n da yer ald\u0131\u011f\u0131 Se\u00e7ici Kurul taraf\u0131ndan de\u011ferlendirilecek ve Daikin T\u00fcrkiye YouTube hesab\u0131nda yay\u0131nlanmak \u00fczere 5 final video se\u00e7ilecek. Finale kalan 5 video YouTube \u00fczerinde izleyici oylamas\u0131na sunulmas\u0131n\u0131n ard\u0131ndan en \u00e7ok izlenen ve be\u011feni alan video birincili\u011fe hak kazanacak. Yar\u0131\u015fman\u0131n birincisi Apple 6.Nesil iPad Pro 12.9\u2033 \u00f6d\u00fcl\u00fcn\u00fc al\u0131rken; ikinciye Daikin Shira Eco 9000 BTU\/h FTXP25N Inverter Klima R32, \u00fc\u00e7\u00fcnc\u00fcye Sensira 9000 BTU\/h FTXF25E Inverter Klima R32 verilecek.<\/p>\n\n\n\n<p>Daikin T\u00fcrkiye\u2019nin hayata ge\u00e7irdi\u011fi projelerde \u00e7evre ve iklim fark\u0131ndal\u0131\u011f\u0131 konular\u0131n\u0131n \u00f6nemli bir yer tuttu\u011funu belirten Daikin T\u00fcrkiye Kurumsal \u0130leti\u015fim B\u00f6l\u00fcm M\u00fcd\u00fcr\u00fc H\u00fclya Din\u00e7er: \u201c\u0130klim krizinin etkileri her ge\u00e7en g\u00fcn daha da kendini hissettiriyor ve maalesef olas\u0131 sonu\u00e7lar\u0131 hepimizi derinden etkileyecek. Daikin olarak, \u00fcr\u00fcn ve hizmetlerinde s\u00fcrd\u00fcr\u00fclebilirli\u011fi merkezine alm\u0131\u015f bir \u015firketiz. Bu do\u011frultuda iklim krizi konusunda fark\u0131ndal\u0131k yaratacak projeler hayata ge\u00e7irmeyi \u00f6nemsiyoruz ve yapt\u0131\u011f\u0131m\u0131z \u00e7al\u0131\u015fmalarda da her kesimden insana ula\u015fmaya \u00f6zen g\u00f6steriyoruz. <\/p>\n\n\n\n<p>\u00d6rne\u011fin; \u00e7ocuk ya\u015ftan itibaren iklim ve \u00e7evre konusunda fark\u0131ndal\u0131\u011f\u0131 art\u0131rmak ad\u0131na \u2018Temiz Hava El\u00e7ileri\u2019 projemizi hayata ge\u00e7irmi\u015ftik. Bunun yan\u0131 s\u0131ra mesleki okullarda a\u00e7t\u0131\u011f\u0131m\u0131z iklimlendirme laboratuvarlar\u0131 ve sekt\u00f6r\u00fcn bir araya gelip bilgi al\u0131\u015fveri\u015finde bulundu\u011fu \u2018Uzman G\u00fcnleri\u2019 bulu\u015fmalar\u0131 ile her ya\u015f grubunun ve her kesimden insan\u0131n bu konuda fark\u0131ndal\u0131k kazanmas\u0131n\u0131 ama\u00e7l\u0131yoruz. Ayn\u0131 zamanda Prof. Dr. Tamer Aker\u2019in iklim krizinin olumsuz etkilerine dikkat \u00e7ekmek amac\u0131yla hayata ge\u00e7irdi\u011fi MaratHOME projesinin sponsorlu\u011funu \u00fcstlendik. \u015eimdi de \u201cDaikin\u2019le Ya\u015fanabilir Gelecek\u201d video yar\u0131\u015fmam\u0131z ile k\u00fcresel iklim de\u011fi\u015fikli\u011fi konusunda yeni bir fark\u0131ndal\u0131k kazand\u0131rmay\u0131 ama\u00e7l\u0131yoruz\u201d dedi.<\/p>\n","protected":false},"excerpt":{"rendered":"<p>2050 y\u0131l\u0131na kadar t\u00fcm faaliyetlerinde, satt\u0131\u011f\u0131 \u00fcr\u00fcn ve \u00e7\u00f6z\u00fcmlerinde sera gaz\u0131 emisyonlar\u0131n\u0131 net s\u0131f\u0131ra indirmeyi hedefleyen iklimlendirme sekt\u00f6r\u00fcn\u00fcn \u00f6nc\u00fc markas\u0131 Daikin, iklim krizi hakk\u0131nda fark\u0131ndal\u0131k yaratmak amac\u0131yla video yar\u0131\u015fmas\u0131 d\u00fczenliyor. \u201cDaikin\u2019le Ya\u015fanabilir Gelecek\u201d video yar\u0131\u015fmas\u0131 ile kat\u0131l\u0131mc\u0131lara k\u00fcresel iklim de\u011fi\u015fikli\u011fi konusundaki d\u00fc\u015f\u00fcncelerini, \u00e7\u00f6z\u00fcm \u00f6nerilerini ve umutlar\u0131n\u0131 payla\u015fma f\u0131rsat\u0131 sunuluyor. \u00dccretsiz ba\u015fvuru yap\u0131labilecek video yar\u0131\u015fma ba\u015fvurular\u0131 [&hellip;]<\/p>\n","protected":false},"author":1,"featured_media":1070,"comment_status":"open","ping_status":"open","sticky":false,"template":"","format":"standard","meta":{"footnotes":""},"categories":[20,18,3],"tags":[],"class_list":["post-1069","post","type-post","status-publish","format-standard","has-post-thumbnail","hentry","category-sinema-film-tv-dizi","category-sirketler-is-hayati","category-son-haberler"],"_links":{"self":[{"href":"https:\/\/famelifemagazin.com\/index.php?rest_route=\/wp\/v2\/posts\/1069","targetHints":{"allow":["GET"]}}],"collection":[{"href":"https:\/\/famelifemagazin.com\/index.php?rest_route=\/wp\/v2\/posts"}],"about":[{"href":"https:\/\/famelifemagazin.com\/index.php?rest_route=\/wp\/v2\/types\/post"}],"author":[{"embeddable":true,"href":"https:\/\/famelifemagazin.com\/index.php?rest_route=\/wp\/v2\/users\/1"}],"replies":[{"embeddable":true,"href":"https:\/\/famelifemagazin.com\/index.php?rest_route=%2Fwp%2Fv2%2Fcomments&post=1069"}],"version-history":[{"count":1,"href":"https:\/\/famelifemagazin.com\/index.php?rest_route=\/wp\/v2\/posts\/1069\/revisions"}],"predecessor-version":[{"id":1071,"href":"https:\/\/famelifemagazin.com\/index.php?rest_route=\/wp\/v2\/posts\/1069\/revisions\/1071"}],"wp:featuredmedia":[{"embeddable":true,"href":"https:\/\/famelifemagazin.com\/index.php?rest_route=\/wp\/v2\/media\/1070"}],"wp:attachment":[{"href":"https:\/\/famelifemagazin.com\/index.php?rest_route=%2Fwp%2Fv2%2Fmedia&parent=1069"}],"wp:term":[{"taxonomy":"category","embeddable":true,"href":"https:\/\/famelifemagazin.com\/index.php?rest_route=%2Fwp%2Fv2%2Fcategories&post=1069"},{"taxonomy":"post_tag","embeddable":true,"href":"https:\/\/famelifemagazin.com\/index.php?rest_route=%2Fwp%2Fv2%2Ftags&post=1069"}],"curies":[{"name":"wp","href":"https:\/\/api.w.org\/{rel}","templated":true}]}}