{"id":1038,"date":"2024-01-29T09:59:21","date_gmt":"2024-01-29T09:59:21","guid":{"rendered":"https:\/\/famelifemagazin.com\/?p=1038"},"modified":"2024-01-29T09:59:21","modified_gmt":"2024-01-29T09:59:21","slug":"asli-bekiroglu-romanlara-onyargi-bu-filmle-yikilacak","status":"publish","type":"post","link":"https:\/\/famelifemagazin.com\/?p=1038","title":{"rendered":"ASLI BEK\u0130RO\u011eLU ROMANLARA \u00d6NYARGI BU F\u0130LMLE YIKILACAK&#8230;"},"content":{"rendered":"\n<p><strong>Alt\u0131n Adam medya yap\u0131mc\u0131l\u0131\u011f\u0131nda ve usta y\u00f6netmen Sava\u015f Sancak taraf\u0131ndan \u00c7anakkale L\u00e2pseki\u2019de roman mahallesinde \u00e7ekimleri tamamlanan\u00a0<a>\u201cHayat\u0131m\u0131z Roman\u201d isimli sinema\u00a0<\/a>filmi vizyon i\u00e7in geri say\u0131ma ba\u015flad\u0131. T\u00fcrkiye\u2019deki t\u00fcm Roman federasyonlar\u0131n\u0131n destek verdi\u011fi \u201cHayat\u0131m\u0131z Roman\u201d isimli sinema filmi 8 Mart\u2019ta izleyicisiyle bulu\u015fuyor. <\/strong><\/p>\n\n\n\n<p>\u201cHayat\u0131m\u0131z Roman\u201d isimli sinema filminin ba\u015frol oyuncular\u0131ndan Asl\u0131 Bekiro\u011flu, sinema severlerin kar\u015f\u0131s\u0131na \u00d6yk\u00fc karakteri ile e\u011fitim g\u00f6revlisi, akl\u0131 ba\u015f\u0131nda, monoton bir hayat\u0131 olan, genelde maceradan uzak ve kendi g\u00fcvenli alan\u0131n\u0131 tercih eden\u00a0biri olarak gelecek. Ba\u015far\u0131l\u0131 oyuncu Asl\u0131 Bekiro\u011flu, bu d\u00fcnyay\u0131 romanlar y\u00f6netse m\u00fczik ve e\u011flence dolu, adil bir d\u00fcnyada ya\u015fard\u0131k ifadesinde bulundu. 8 ayr\u0131 roman mahallesinin binalar\u0131 boyanarak \u0131\u015f\u0131kland\u0131r\u0131larak dev bir plato haline getirilerek \u00e7ekilen\u00a0\u201cHayat\u0131m\u0131z Roman\u201d filmi i\u00e7in \u00e7ekimler s\u00fcrecinde roman mahallesinde kalan Asl\u0131 Bekiro\u011flu \u201c\u00c7ok g\u00fczel insanlar. Farkl\u0131 bir k\u00fclt\u00fcr g\u00f6rm\u00fc\u015f oldum bende. <\/p>\n\n\n\n<p>\u00c7okta keyif ald\u0131m. Samimiler, yard\u0131mseverler, cana yak\u0131nlar ve hayat\u0131mda daha ne\u015feli bir ekip g\u00f6rmedim\u201d dedi. Roman mahallesinde \u00e7ekilen filmin i\u015f olmaktan \u00e7ok e\u011flenceye d\u00f6n\u00fc\u015ft\u00fc\u011f\u00fcn\u00fc s\u00f6zlerine ekleyen Asl\u0131 Bekiro\u011flu,\u00a0onlarla vakit ge\u00e7irmek olduk\u00e7a keyifliydi ifadesini kulland\u0131. 7\u2019den 70\u2019e herkes i\u00e7in bir film bence, Romanlara kar\u015f\u0131 olan \u00f6nyarg\u0131lar\u0131 kald\u0131raca\u011f\u0131na \u015f\u00fcphem yok vurgusunu yapan Asl\u0131 Bekiro\u011flu, vizyona farkl\u0131 ve \u00f6zel bir yap\u0131m geliyor ifadesiyle s\u00f6zlerini tamamlad\u0131.<\/p>\n\n\n\n<figure class=\"wp-block-gallery has-nested-images columns-default is-cropped wp-block-gallery-1 is-layout-flex wp-block-gallery-is-layout-flex\">\n<figure class=\"wp-block-image size-large\"><img loading=\"lazy\" decoding=\"async\" width=\"576\" height=\"1024\" data-id=\"1040\" src=\"https:\/\/famelifemagazin.com\/wp-content\/uploads\/2024\/01\/YONETMEN-SAVAS-SANCAK-ASLI-BEKIROGLU-x-576x1024.jpg\" alt=\"\" class=\"wp-image-1040\" srcset=\"https:\/\/famelifemagazin.com\/wp-content\/uploads\/2024\/01\/YONETMEN-SAVAS-SANCAK-ASLI-BEKIROGLU-x-576x1024.jpg 576w, https:\/\/famelifemagazin.com\/wp-content\/uploads\/2024\/01\/YONETMEN-SAVAS-SANCAK-ASLI-BEKIROGLU-x-169x300.jpg 169w, https:\/\/famelifemagazin.com\/wp-content\/uploads\/2024\/01\/YONETMEN-SAVAS-SANCAK-ASLI-BEKIROGLU-x-768x1365.jpg 768w, https:\/\/famelifemagazin.com\/wp-content\/uploads\/2024\/01\/YONETMEN-SAVAS-SANCAK-ASLI-BEKIROGLU-x-864x1536.jpg 864w, https:\/\/famelifemagazin.com\/wp-content\/uploads\/2024\/01\/YONETMEN-SAVAS-SANCAK-ASLI-BEKIROGLU-x-1152x2048.jpg 1152w, https:\/\/famelifemagazin.com\/wp-content\/uploads\/2024\/01\/YONETMEN-SAVAS-SANCAK-ASLI-BEKIROGLU-x-scaled.jpg 1440w\" sizes=\"auto, (max-width: 576px) 100vw, 576px\" \/><\/figure>\n\n\n\n<figure class=\"wp-block-image size-large\"><img loading=\"lazy\" decoding=\"async\" width=\"576\" height=\"1024\" data-id=\"1039\" src=\"https:\/\/famelifemagazin.com\/wp-content\/uploads\/2024\/01\/asli-bekiroglu-576x1024.jpg\" alt=\"\" class=\"wp-image-1039\" srcset=\"https:\/\/famelifemagazin.com\/wp-content\/uploads\/2024\/01\/asli-bekiroglu-576x1024.jpg 576w, https:\/\/famelifemagazin.com\/wp-content\/uploads\/2024\/01\/asli-bekiroglu-169x300.jpg 169w, https:\/\/famelifemagazin.com\/wp-content\/uploads\/2024\/01\/asli-bekiroglu-768x1365.jpg 768w, https:\/\/famelifemagazin.com\/wp-content\/uploads\/2024\/01\/asli-bekiroglu-864x1536.jpg 864w, https:\/\/famelifemagazin.com\/wp-content\/uploads\/2024\/01\/asli-bekiroglu-1152x2048.jpg 1152w, https:\/\/famelifemagazin.com\/wp-content\/uploads\/2024\/01\/asli-bekiroglu-scaled.jpg 1440w\" sizes=\"auto, (max-width: 576px) 100vw, 576px\" \/><\/figure>\n<\/figure>\n\n\n\n<figure class=\"wp-block-image size-large\"><img loading=\"lazy\" decoding=\"async\" width=\"1024\" height=\"576\" src=\"https:\/\/famelifemagazin.com\/wp-content\/uploads\/2024\/01\/asli-bekir-oglu-sx-1024x576.jpg\" alt=\"\" class=\"wp-image-1041\" srcset=\"https:\/\/famelifemagazin.com\/wp-content\/uploads\/2024\/01\/asli-bekir-oglu-sx-1024x576.jpg 1024w, https:\/\/famelifemagazin.com\/wp-content\/uploads\/2024\/01\/asli-bekir-oglu-sx-300x169.jpg 300w, https:\/\/famelifemagazin.com\/wp-content\/uploads\/2024\/01\/asli-bekir-oglu-sx-768x432.jpg 768w, https:\/\/famelifemagazin.com\/wp-content\/uploads\/2024\/01\/asli-bekir-oglu-sx-1536x864.jpg 1536w, https:\/\/famelifemagazin.com\/wp-content\/uploads\/2024\/01\/asli-bekir-oglu-sx-2048x1152.jpg 2048w\" sizes=\"auto, (max-width: 1024px) 100vw, 1024px\" \/><\/figure>\n\n\n\n<p>\u201cHAYATIMIZ ROMAN\u201d F\u0130LM\u0130 L\u0130NKLER<\/p>\n\n\n\n<figure class=\"wp-block-embed is-type-video is-provider-youtube wp-block-embed-youtube wp-embed-aspect-16-9 wp-has-aspect-ratio\"><div class=\"wp-block-embed__wrapper\">\n<iframe loading=\"lazy\" title=\"Hayat\u0131m\u0131z Roman Sinema Filmimiz 8 Martta Sinemalarda\" width=\"696\" height=\"392\" src=\"https:\/\/www.youtube.com\/embed\/XgdfOdYKGWU?feature=oembed\" frameborder=\"0\" allow=\"accelerometer; autoplay; clipboard-write; encrypted-media; gyroscope; picture-in-picture; web-share\" allowfullscreen><\/iframe>\n<\/div><\/figure>\n\n\n\n<figure class=\"wp-block-embed is-type-video is-provider-youtube wp-block-embed-youtube wp-embed-aspect-16-9 wp-has-aspect-ratio\"><div class=\"wp-block-embed__wrapper\">\n<iframe loading=\"lazy\" title=\"8 Martta Sinemalarda\" width=\"696\" height=\"392\" src=\"https:\/\/www.youtube.com\/embed\/5MOQtoH96IQ?feature=oembed\" frameborder=\"0\" allow=\"accelerometer; autoplay; clipboard-write; encrypted-media; gyroscope; picture-in-picture; web-share\" allowfullscreen><\/iframe>\n<\/div><\/figure>\n\n\n\n<figure class=\"wp-block-embed is-type-video is-provider-youtube wp-block-embed-youtube wp-embed-aspect-16-9 wp-has-aspect-ratio\"><div class=\"wp-block-embed__wrapper\">\n<iframe loading=\"lazy\" title=\"Romanlar Neden Polis Olamad\u0131?\" width=\"696\" height=\"392\" src=\"https:\/\/www.youtube.com\/embed\/0hMxNhLfIUk?feature=oembed\" frameborder=\"0\" allow=\"accelerometer; autoplay; clipboard-write; encrypted-media; gyroscope; picture-in-picture; web-share\" allowfullscreen><\/iframe>\n<\/div><\/figure>\n","protected":false},"excerpt":{"rendered":"<p>Alt\u0131n Adam medya yap\u0131mc\u0131l\u0131\u011f\u0131nda ve usta y\u00f6netmen Sava\u015f Sancak taraf\u0131ndan \u00c7anakkale L\u00e2pseki\u2019de roman mahallesinde \u00e7ekimleri tamamlanan\u00a0\u201cHayat\u0131m\u0131z Roman\u201d isimli sinema\u00a0filmi vizyon i\u00e7in geri say\u0131ma ba\u015flad\u0131. T\u00fcrkiye\u2019deki t\u00fcm Roman federasyonlar\u0131n\u0131n destek verdi\u011fi \u201cHayat\u0131m\u0131z Roman\u201d isimli sinema filmi 8 Mart\u2019ta izleyicisiyle bulu\u015fuyor. \u201cHayat\u0131m\u0131z Roman\u201d isimli sinema filminin ba\u015frol oyuncular\u0131ndan Asl\u0131 Bekiro\u011flu, sinema severlerin kar\u015f\u0131s\u0131na \u00d6yk\u00fc karakteri ile e\u011fitim [&hellip;]<\/p>\n","protected":false},"author":1,"featured_media":1041,"comment_status":"open","ping_status":"open","sticky":false,"template":"","format":"standard","meta":{"footnotes":""},"categories":[20,3],"tags":[],"class_list":["post-1038","post","type-post","status-publish","format-standard","has-post-thumbnail","hentry","category-sinema-film-tv-dizi","category-son-haberler"],"_links":{"self":[{"href":"https:\/\/famelifemagazin.com\/index.php?rest_route=\/wp\/v2\/posts\/1038","targetHints":{"allow":["GET"]}}],"collection":[{"href":"https:\/\/famelifemagazin.com\/index.php?rest_route=\/wp\/v2\/posts"}],"about":[{"href":"https:\/\/famelifemagazin.com\/index.php?rest_route=\/wp\/v2\/types\/post"}],"author":[{"embeddable":true,"href":"https:\/\/famelifemagazin.com\/index.php?rest_route=\/wp\/v2\/users\/1"}],"replies":[{"embeddable":true,"href":"https:\/\/famelifemagazin.com\/index.php?rest_route=%2Fwp%2Fv2%2Fcomments&post=1038"}],"version-history":[{"count":1,"href":"https:\/\/famelifemagazin.com\/index.php?rest_route=\/wp\/v2\/posts\/1038\/revisions"}],"predecessor-version":[{"id":1042,"href":"https:\/\/famelifemagazin.com\/index.php?rest_route=\/wp\/v2\/posts\/1038\/revisions\/1042"}],"wp:featuredmedia":[{"embeddable":true,"href":"https:\/\/famelifemagazin.com\/index.php?rest_route=\/wp\/v2\/media\/1041"}],"wp:attachment":[{"href":"https:\/\/famelifemagazin.com\/index.php?rest_route=%2Fwp%2Fv2%2Fmedia&parent=1038"}],"wp:term":[{"taxonomy":"category","embeddable":true,"href":"https:\/\/famelifemagazin.com\/index.php?rest_route=%2Fwp%2Fv2%2Fcategories&post=1038"},{"taxonomy":"post_tag","embeddable":true,"href":"https:\/\/famelifemagazin.com\/index.php?rest_route=%2Fwp%2Fv2%2Ftags&post=1038"}],"curies":[{"name":"wp","href":"https:\/\/api.w.org\/{rel}","templated":true}]}}